{"id":5945,"date":"2015-08-04T15:49:25","date_gmt":"2015-08-04T20:49:25","guid":{"rendered":"https:\/\/emisora.univalle.edu.co\/\/?p=5945"},"modified":"2015-08-04T15:49:25","modified_gmt":"2015-08-04T20:49:25","slug":"buscan-solucion-para-caso-de-rectora-en-institucion-educativa-de-ginebra","status":"publish","type":"post","link":"https:\/\/emisora.univalle.edu.co\/index.php\/buscan-solucion-para-caso-de-rectora-en-institucion-educativa-de-ginebra\/","title":{"rendered":"Buscan soluci\u00f3n para caso de Rectora en instituci\u00f3n educativa de Ginebra"},"content":{"rendered":"<p><span style=\"line-height: 1.5em;\">El Gobierno Departamental por medio de la Secretar\u00eda de Educaci\u00f3n adelanta las acciones pertinentes para dar pronta soluci\u00f3n al caso presentado en la instituci\u00f3n educativa Inmaculada Concepci\u00f3n del municipio de Ginebra, que en el marco de la realizaci\u00f3n de audiencia p\u00fablica para escogencia de plaza convocada por la Comisi\u00f3n Nacional del Servicio Civil por Concurso de M\u00e9ritos, el aspirante de la lista de elegibles gan\u00f3 el Concurso para ocupar el cargo de directivo docente en la citada instituci\u00f3n educativa.<\/span><\/p>\n<p>\u201cLa Rectora de esa instituci\u00f3n educativa, que pertenece a una comunidad de monjas, se encuentra nombrada en comisi\u00f3n luego de haber sido postulada por la comunidad educativa para ocupar dicho cargo. La semana pasada se realiz\u00f3 la audiencia p\u00fablica para la escogencia de plaza de docentes y directivos docentes en el marco del Concurso de m\u00e9ritos de la CNSC, y un directivo docente de la lista de elegibles gan\u00f3 y escogi\u00f3 esa plaza. Estamos buscando las alternativas para solucionar esta dificultad, trabajando con transparencia y en el marco de la Ley, para que los ni\u00f1os, ni\u00f1as, j\u00f3venes y comunidad educativa no se vayan a ver afectados por este caso\u201d, explic\u00f3 Jos\u00e9 Gustavo Padilla Orozco, secretario de educaci\u00f3n del Valle del Cauca.<\/p>\n<p>Contacto: Gustavo Padilla Orozco. Secretario de Educaci\u00f3n Valle del Cauca. Celular: 314- 798 93 03<\/p>\n<p>Fuente: Comunicaciones Gobernaci\u00f3n<\/p>\n","protected":false},"excerpt":{"rendered":"<p>El Gobierno Departamental por medio de la Secretar\u00eda de Educaci\u00f3n adelanta las acciones pertinentes para dar pronta soluci\u00f3n al caso presentado en la instituci\u00f3n educativa Inmaculada Concepci\u00f3n del municipio de Ginebra, que en el marco de la realizaci\u00f3n de audiencia p\u00fablica para escogencia de plaza convocada por la Comisi\u00f3n Nacional[&#8230;]<\/p>\n","protected":false},"author":1,"featured_media":5926,"comment_status":"open","ping_status":"open","sticky":false,"template":"","format":"standard","meta":{"footnotes":""},"categories":[4],"tags":[],"_links":{"self":[{"href":"https:\/\/emisora.univalle.edu.co\/index.php\/wp-json\/wp\/v2\/posts\/5945"}],"collection":[{"href":"https:\/\/emisora.univalle.edu.co\/index.php\/wp-json\/wp\/v2\/posts"}],"about":[{"href":"https:\/\/emisora.univalle.edu.co\/index.php\/wp-json\/wp\/v2\/types\/post"}],"author":[{"embeddable":true,"href":"https:\/\/emisora.univalle.edu.co\/index.php\/wp-json\/wp\/v2\/users\/1"}],"replies":[{"embeddable":true,"href":"https:\/\/emisora.univalle.edu.co\/index.php\/wp-json\/wp\/v2\/comments?post=5945"}],"version-history":[{"count":1,"href":"https:\/\/emisora.univalle.edu.co\/index.php\/wp-json\/wp\/v2\/posts\/5945\/revisions"}],"predecessor-version":[{"id":5946,"href":"https:\/\/emisora.univalle.edu.co\/index.php\/wp-json\/wp\/v2\/posts\/5945\/revisions\/5946"}],"wp:featuredmedia":[{"embeddable":true,"href":"https:\/\/emisora.univalle.edu.co\/index.php\/wp-json\/wp\/v2\/media\/5926"}],"wp:attachment":[{"href":"https:\/\/emisora.univalle.edu.co\/index.php\/wp-json\/wp\/v2\/media?parent=5945"}],"wp:term":[{"taxonomy":"category","embeddable":true,"href":"https:\/\/emisora.univalle.edu.co\/index.php\/wp-json\/wp\/v2\/categories?post=5945"},{"taxonomy":"post_tag","embeddable":true,"href":"https:\/\/emisora.univalle.edu.co\/index.php\/wp-json\/wp\/v2\/tags?post=5945"}],"curies":[{"name":"wp","href":"https:\/\/api.w.org\/{rel}","templated":true}]}}