{"id":5947,"date":"2015-08-04T15:52:06","date_gmt":"2015-08-04T20:52:06","guid":{"rendered":"https:\/\/emisora.univalle.edu.co\/\/?p=5947"},"modified":"2015-08-04T15:52:06","modified_gmt":"2015-08-04T20:52:06","slug":"mincultura-rendira-cuentas-al-pais-desde-la-ciudad-de-buga","status":"publish","type":"post","link":"https:\/\/emisora.univalle.edu.co\/index.php\/mincultura-rendira-cuentas-al-pais-desde-la-ciudad-de-buga\/","title":{"rendered":"MinCultura rendir\u00e1 cuentas al pa\u00eds desde la ciudad de Buga"},"content":{"rendered":"<p><span style=\"line-height: 1.5em;\">En su balance de gesti\u00f3n de cinco a\u00f1os, ma\u00f1ana el Presidente de la Rep\u00fablica y la Ministra de Cultura, entregar\u00e1n las obras del Parque Sim\u00f3n Bol\u00edvar y calles aleda\u00f1as, que con una inversi\u00f3n de $6.237 millones, revitalizan el Centro Hist\u00f3rico de Buga.<\/span><\/p>\n<p>La rendici\u00f3n de cuentas del Ministerio de Cultura, en el cual participar\u00e1 parte del equipo directivo y representantes del sector cultural, se realizar\u00e1 este 5 de agosto, entre las 3:00 p.m. y 6:00 p.m., en el Centro Hist\u00f3rico de Buga. En este espacio se presentar\u00e1n los resultados de la gesti\u00f3n de la cartera cultural en estos 5 a\u00f1os y el reto a cumplir en el 2018.<\/p>\n<p>Ese mismo d\u00eda, y como parte de la gira del Gobierno Nacional \u2018Estamos cumpliendo\u2019, el Presidente Juan Manuel Santos Calder\u00f3n, y la Ministra de Cultura, Mariana Garc\u00e9s C\u00f3rdoba, entregar\u00e1n a todos los bugue\u00f1os las obras de intervenci\u00f3n del Parque Sim\u00f3n Bol\u00edvar y la semipeatonalizaci\u00f3n de la Carrera 13, entre calles 1 y 4 en el sector antiguo de Guadalajara de Buga, eje estructurante que conduce hacia la Bas\u00edlica del Se\u00f1or de los Milagros.<\/p>\n<p>Las obras de restauraci\u00f3n, cuyo costo ascendi\u00f3 a la suma de $6.237 millones de pesos, tienen por objetivo recuperar y preservar estas zonas para la circulaci\u00f3n y recreaci\u00f3n en beneficio de los m\u00e1s de 140 mil habitantes de este municipio.<\/p>\n<p>La intervenci\u00f3n del Centro Hist\u00f3rico permitir\u00e1 mejorar el espacio p\u00fablico a sus habitantes y a fortalecer los lugares de permanencia aprovechando la vegetaci\u00f3n\u00a0 existente y el nuevo mobiliario propuesto.<\/p>\n<p>El sector antiguo\u00a0 de Guadalajara de Buga fue declarado Monumento Nacional en 1959 por medio de la Ley 163, considerando que el \u00e1rea de la ciudad requer\u00eda de una conservaci\u00f3n especial que lograra preservar sus valores arquitect\u00f3nicos y urbanos, las caracter\u00edsticas coloniales predominantes y la armon\u00eda lograda con las expresiones republicanas de inicios del siglo XX.\u00a0 Con aproximadamente 53 manzanas, este sector agrupa gran parte de los edificios y espacios p\u00fablicos m\u00e1s representativos de la ciudad, concentrando la mayor\u00eda de su historia en los diferentes inmuebles que conforman este entorno urbano, abarcando arquitectura de diferentes \u00e9pocas.<\/p>\n<p>Fuente: Comunicaciones MinCultura.<\/p>\n","protected":false},"excerpt":{"rendered":"<p>En su balance de gesti\u00f3n de cinco a\u00f1os, ma\u00f1ana el Presidente de la Rep\u00fablica y la Ministra de Cultura, entregar\u00e1n las obras del Parque Sim\u00f3n Bol\u00edvar y calles aleda\u00f1as, que con una inversi\u00f3n de $6.237 millones, revitalizan el Centro Hist\u00f3rico de Buga. La rendici\u00f3n de cuentas del Ministerio de Cultura,[&#8230;]<\/p>\n","protected":false},"author":1,"featured_media":5925,"comment_status":"open","ping_status":"open","sticky":false,"template":"","format":"standard","meta":{"footnotes":""},"categories":[4],"tags":[],"_links":{"self":[{"href":"https:\/\/emisora.univalle.edu.co\/index.php\/wp-json\/wp\/v2\/posts\/5947"}],"collection":[{"href":"https:\/\/emisora.univalle.edu.co\/index.php\/wp-json\/wp\/v2\/posts"}],"about":[{"href":"https:\/\/emisora.univalle.edu.co\/index.php\/wp-json\/wp\/v2\/types\/post"}],"author":[{"embeddable":true,"href":"https:\/\/emisora.univalle.edu.co\/index.php\/wp-json\/wp\/v2\/users\/1"}],"replies":[{"embeddable":true,"href":"https:\/\/emisora.univalle.edu.co\/index.php\/wp-json\/wp\/v2\/comments?post=5947"}],"version-history":[{"count":1,"href":"https:\/\/emisora.univalle.edu.co\/index.php\/wp-json\/wp\/v2\/posts\/5947\/revisions"}],"predecessor-version":[{"id":5948,"href":"https:\/\/emisora.univalle.edu.co\/index.php\/wp-json\/wp\/v2\/posts\/5947\/revisions\/5948"}],"wp:featuredmedia":[{"embeddable":true,"href":"https:\/\/emisora.univalle.edu.co\/index.php\/wp-json\/wp\/v2\/media\/5925"}],"wp:attachment":[{"href":"https:\/\/emisora.univalle.edu.co\/index.php\/wp-json\/wp\/v2\/media?parent=5947"}],"wp:term":[{"taxonomy":"category","embeddable":true,"href":"https:\/\/emisora.univalle.edu.co\/index.php\/wp-json\/wp\/v2\/categories?post=5947"},{"taxonomy":"post_tag","embeddable":true,"href":"https:\/\/emisora.univalle.edu.co\/index.php\/wp-json\/wp\/v2\/tags?post=5947"}],"curies":[{"name":"wp","href":"https:\/\/api.w.org\/{rel}","templated":true}]}}