{"id":5949,"date":"2015-08-04T15:53:48","date_gmt":"2015-08-04T20:53:48","guid":{"rendered":"https:\/\/emisora.univalle.edu.co\/\/?p=5949"},"modified":"2015-08-04T15:53:48","modified_gmt":"2015-08-04T20:53:48","slug":"llego-la-hora-de-los-ninos-en-el-x-mundial-de-salsa-de-cali","status":"publish","type":"post","link":"https:\/\/emisora.univalle.edu.co\/index.php\/llego-la-hora-de-los-ninos-en-el-x-mundial-de-salsa-de-cali\/","title":{"rendered":"Lleg\u00f3 la hora de los ni\u00f1os en el X Mundial de Salsa de Cali"},"content":{"rendered":"<p><span style=\"line-height: 1.5em;\">El futuro de la salsa cale\u00f1a est\u00e1 en la formaci\u00f3n de los ni\u00f1os. As\u00ed lo entiende la Alcald\u00eda de Cali y a trav\u00e9s de la Secretar\u00eda de Cultura y Turismo se les da un espacio en el Festival Mundial de Salsa, a trav\u00e9s del \u2018Mundialito\u2019, como se le conoce a la competencia infantil.<\/span><\/p>\n<p>Para esta oportunidad, se inscribieron un total de 5 grupos en preinfantil y 29 en infantil, quienes buscar\u00e1n obtener uno de los 15 cupos que otorga el Festival para la muestra que se har\u00e1 el 30 de septiembre en el Paseo de la Avenida Colombia, o Bulevar del R\u00edo, como popularmente se le conoce.<\/p>\n<p>La ronda preclasificatoria se realizar\u00e1 este mi\u00e9rcoles 5 de agosto a partir de las 10:00 la ma\u00f1ana en el teatro Municipal Enrique Buenaventura, que abrir\u00e1 sus puertas al p\u00fablico a las 10:00 de la ma\u00f1ana.<\/p>\n<p>PROGRAMACI\u00d3N CLASIFICATORIA INFANTIL AGOSTO 5 DE 2015<\/p>\n<p>Preinfantiles<\/p>\n<p>1.\u00a0\u00a0 Mini Emi de Buga<\/p>\n<p>2.\u00a0\u00a0 Master Swing<\/p>\n<p>3.\u00a0\u00a0 Mini Babys<\/p>\n<p>4.\u00a0\u00a0 Libertad Latina<\/p>\n<p>5.\u00a0\u00a0 Mini Stree Salsa<\/p>\n<p>Infantil<\/p>\n<p>1.\u00a0\u00a0 Semillas de Esperanza<\/p>\n<p>2.\u00a0\u00a0 Imperio Infantil<\/p>\n<p>3.\u00a0\u00a0 Proyecto Stilo y Sabor<\/p>\n<p>4.\u00a0\u00a0 Mini Cale\u00f1os del Swing<\/p>\n<p>5.\u00a0\u00a0 Sabor Latino Kids<\/p>\n<p>6.\u00a0\u00a0 Dinastia<\/p>\n<p>7.\u00a0\u00a0 Ritmo y Movimiento Infantil<\/p>\n<p>8.\u00a0\u00a0 Bomba Salsera<\/p>\n<p>9.\u00a0\u00a0 Ritmo y Sabor<\/p>\n<p>10. Salserines Latin Show<\/p>\n<p>11. \u00c1ngeles del Swing<\/p>\n<p>12. Az\u00facar<\/p>\n<p>13. Asimccu<\/p>\n<p>14. Combinaci\u00f3n Rumbera Infantil<\/p>\n<p>15. Impacto Latino<\/p>\n<p>16. Chiqui Salsa Pal Mundo<\/p>\n<p>17. Estrellas del Ritmo<\/p>\n<p>18. Chiqui Babys<\/p>\n<p>19. Ritmo Sabroso Kids<\/p>\n<p>20. Senfol Iniciaci\u00f3n<\/p>\n<p>21. Constelaci\u00f3n Latina<\/p>\n<p>22. Estilo Salsero<\/p>\n<p>23. Las Estrellas Mundiales de la Salsa<\/p>\n<p>24.\u00a0\u00a0 Mini Ritmo Latina Ieri<\/p>\n<p>25.\u00a0\u00a0 Furor Salsero<\/p>\n<p>26.\u00a0\u00a0 Mini Salsa Cache<\/p>\n<p>27.\u00a0\u00a0 Juventud Latina<\/p>\n<p>28.\u00a0\u00a0 Inspiraci\u00f3n Salsera EMI de Buga<\/p>\n<p>29.\u00a0\u00a0 Fiebre Salsera<\/p>\n<p>Ronda Preclasificatoria Categor\u00eda Infantil<\/p>\n<p>Fecha:\u00a0\u00a0\u00a0\u00a0\u00a0\u00a0 5 de agosto de 2015<\/p>\n<p>Hora:\u00a0\u00a0\u00a0\u00a0\u00a0\u00a0\u00a0 10:00 a.m. a 3:00 p.m.<\/p>\n<p>Lugar:\u00a0\u00a0\u00a0\u00a0\u00a0 Teatro Municipal Enrique Buenaventura<\/p>\n<p>Fuente: Comunicaciones Alcald\u00eda<\/p>\n","protected":false},"excerpt":{"rendered":"<p>El futuro de la salsa cale\u00f1a est\u00e1 en la formaci\u00f3n de los ni\u00f1os. As\u00ed lo entiende la Alcald\u00eda de Cali y a trav\u00e9s de la Secretar\u00eda de Cultura y Turismo se les da un espacio en el Festival Mundial de Salsa, a trav\u00e9s del \u2018Mundialito\u2019, como se le conoce a[&#8230;]<\/p>\n","protected":false},"author":1,"featured_media":5928,"comment_status":"open","ping_status":"open","sticky":false,"template":"","format":"standard","meta":{"footnotes":""},"categories":[4],"tags":[],"_links":{"self":[{"href":"https:\/\/emisora.univalle.edu.co\/index.php\/wp-json\/wp\/v2\/posts\/5949"}],"collection":[{"href":"https:\/\/emisora.univalle.edu.co\/index.php\/wp-json\/wp\/v2\/posts"}],"about":[{"href":"https:\/\/emisora.univalle.edu.co\/index.php\/wp-json\/wp\/v2\/types\/post"}],"author":[{"embeddable":true,"href":"https:\/\/emisora.univalle.edu.co\/index.php\/wp-json\/wp\/v2\/users\/1"}],"replies":[{"embeddable":true,"href":"https:\/\/emisora.univalle.edu.co\/index.php\/wp-json\/wp\/v2\/comments?post=5949"}],"version-history":[{"count":1,"href":"https:\/\/emisora.univalle.edu.co\/index.php\/wp-json\/wp\/v2\/posts\/5949\/revisions"}],"predecessor-version":[{"id":5950,"href":"https:\/\/emisora.univalle.edu.co\/index.php\/wp-json\/wp\/v2\/posts\/5949\/revisions\/5950"}],"wp:featuredmedia":[{"embeddable":true,"href":"https:\/\/emisora.univalle.edu.co\/index.php\/wp-json\/wp\/v2\/media\/5928"}],"wp:attachment":[{"href":"https:\/\/emisora.univalle.edu.co\/index.php\/wp-json\/wp\/v2\/media?parent=5949"}],"wp:term":[{"taxonomy":"category","embeddable":true,"href":"https:\/\/emisora.univalle.edu.co\/index.php\/wp-json\/wp\/v2\/categories?post=5949"},{"taxonomy":"post_tag","embeddable":true,"href":"https:\/\/emisora.univalle.edu.co\/index.php\/wp-json\/wp\/v2\/tags?post=5949"}],"curies":[{"name":"wp","href":"https:\/\/api.w.org\/{rel}","templated":true}]}}