{"id":5967,"date":"2015-08-05T15:01:51","date_gmt":"2015-08-05T20:01:51","guid":{"rendered":"https:\/\/emisora.univalle.edu.co\/\/?p=5967"},"modified":"2015-08-05T15:01:51","modified_gmt":"2015-08-05T20:01:51","slug":"secretaria-de-agricultura-capacitara-las-42-umata-del-departamento","status":"publish","type":"post","link":"https:\/\/emisora.univalle.edu.co\/index.php\/secretaria-de-agricultura-capacitara-las-42-umata-del-departamento\/","title":{"rendered":"Secretar\u00eda de Agricultura capacitar\u00e1 a las 42 UMATA del departamento"},"content":{"rendered":"<p><span style=\"line-height: 1.5em;\">Del 24 al 28 de Agosto la Secretar\u00eda de Agricultura departamental capacitar\u00e1 a las 42 UMATA \u2013 Unidades Municipales de Asistencia T\u00e9cnica en el Club Yanaconas de Cali. En el evento se entregar\u00e1n las herramientas inform\u00e1ticas de asistencia a los peque\u00f1os productores de los municipios del Valle del Cauca.<\/span><\/p>\n<p>John William Alba Le\u00f3n, Secretario de Agricultura departamental, indic\u00f3 que \u201ceste evento es organizado por la administraci\u00f3n departamental y all\u00ed se evidencia el trabajo en equipo por parte de la Secretar\u00eda de Agricultura y el Ministerio, porque si trabajamos de este modo podremos hacer mas eventos como este. La capacitaci\u00f3n ser\u00e1 durante la semana del 24 al 28 de este mes y contar\u00e1 con la asistencia de los 42 directores y profesionales de carrera administrativa de las UMATA del departamento, aqu\u00ed entregaremos las herramientas inform\u00e1ticas y software como Agronet para que la participaci\u00f3n de ellos como municipios y sus peque\u00f1os productores sea cada vez mayor y podamos seguir avanzando en los temas productivos agr\u00edcolas que tanto benefician a la comunidad vallecaucana\u201d.<\/p>\n<p>Este evento contar\u00e1 con la participaci\u00f3n del Ministerio de Agricultura, el INCODER \u2013 Instituto Colombiano para el Desarrollo Rural entre otras instituciones p\u00fablicas y privadas que benefician al sector agro.<\/p>\n<p>Para la Gobernaci\u00f3n del Valle del Cauca siempre ha sido un asunto de vital relevancia el fortalecimiento del sector agr\u00edcola, por esto a trav\u00e9s de la Secretar\u00eda de Agricultura trabaja incesante de la mano del Ministerio.<\/p>\n<p>El funcionario a\u00f1adi\u00f3 que gracias al trabajo en equipo que existe con el Ministerio de Agricultura, \u201cel Valle del Cauca est\u00e1 siendo beneficiado en todos los sectores agr\u00edcolas. De este modo, trabajando unidos, es que podremos construir una mejor regi\u00f3n y un Valle m\u00e1s verde, productivo y que cuenta con un sector agr\u00edcola totalmente fortalecido\u201d.<\/p>\n<p>Fuente: Comunicaciones Gobernaci\u00f3n<\/p>\n","protected":false},"excerpt":{"rendered":"<p>Del 24 al 28 de Agosto la Secretar\u00eda de Agricultura departamental capacitar\u00e1 a las 42 UMATA \u2013 Unidades Municipales de Asistencia T\u00e9cnica en el Club Yanaconas de Cali. En el evento se entregar\u00e1n las herramientas inform\u00e1ticas de asistencia a los peque\u00f1os productores de los municipios del Valle del Cauca. John[&#8230;]<\/p>\n","protected":false},"author":1,"featured_media":5964,"comment_status":"open","ping_status":"open","sticky":false,"template":"","format":"standard","meta":{"footnotes":""},"categories":[4],"tags":[],"_links":{"self":[{"href":"https:\/\/emisora.univalle.edu.co\/index.php\/wp-json\/wp\/v2\/posts\/5967"}],"collection":[{"href":"https:\/\/emisora.univalle.edu.co\/index.php\/wp-json\/wp\/v2\/posts"}],"about":[{"href":"https:\/\/emisora.univalle.edu.co\/index.php\/wp-json\/wp\/v2\/types\/post"}],"author":[{"embeddable":true,"href":"https:\/\/emisora.univalle.edu.co\/index.php\/wp-json\/wp\/v2\/users\/1"}],"replies":[{"embeddable":true,"href":"https:\/\/emisora.univalle.edu.co\/index.php\/wp-json\/wp\/v2\/comments?post=5967"}],"version-history":[{"count":1,"href":"https:\/\/emisora.univalle.edu.co\/index.php\/wp-json\/wp\/v2\/posts\/5967\/revisions"}],"predecessor-version":[{"id":5968,"href":"https:\/\/emisora.univalle.edu.co\/index.php\/wp-json\/wp\/v2\/posts\/5967\/revisions\/5968"}],"wp:featuredmedia":[{"embeddable":true,"href":"https:\/\/emisora.univalle.edu.co\/index.php\/wp-json\/wp\/v2\/media\/5964"}],"wp:attachment":[{"href":"https:\/\/emisora.univalle.edu.co\/index.php\/wp-json\/wp\/v2\/media?parent=5967"}],"wp:term":[{"taxonomy":"category","embeddable":true,"href":"https:\/\/emisora.univalle.edu.co\/index.php\/wp-json\/wp\/v2\/categories?post=5967"},{"taxonomy":"post_tag","embeddable":true,"href":"https:\/\/emisora.univalle.edu.co\/index.php\/wp-json\/wp\/v2\/tags?post=5967"}],"curies":[{"name":"wp","href":"https:\/\/api.w.org\/{rel}","templated":true}]}}