{"id":5971,"date":"2015-08-05T15:04:01","date_gmt":"2015-08-05T20:04:01","guid":{"rendered":"https:\/\/emisora.univalle.edu.co\/\/?p=5971"},"modified":"2015-08-05T15:04:01","modified_gmt":"2015-08-05T20:04:01","slug":"gobernacion-del-valle-realizara-en-buenaventura-taller-subregional-sobre-politica-del-sistema-nacional-de-competitividad","status":"publish","type":"post","link":"https:\/\/emisora.univalle.edu.co\/index.php\/gobernacion-del-valle-realizara-en-buenaventura-taller-subregional-sobre-politica-del-sistema-nacional-de-competitividad\/","title":{"rendered":"Gobernaci\u00f3n del Valle realizar\u00e1 en Buenaventura taller subregional sobre Pol\u00edtica del Sistema Nacional de Competitividad"},"content":{"rendered":"<p><span style=\"line-height: 1.5em;\">Cumpliendo las directrices del Gobernador Ubeimar Delgado Bland\u00f3n, se realizar\u00e1 en Buenaventura el Taller Subregional de Socializaci\u00f3n de la Pol\u00edtica del Sistema Nacional de Competitividad, Ciencia, Tecnolog\u00eda e Innovaci\u00f3n.<\/span><\/p>\n<p>El evento se llevar\u00e1 a cabo el pr\u00f3ximo jueves 6 de agosto de 9:30 a.m. a 3:30 p.m. en el auditorio \u201cRafael Bernat Ochoa\u201d de la C\u00e1mara de Comercio de la ciudad \u2013 puerto.<\/p>\n<p>\u201cEl departamento del Valle del Cauca, en concordancia con lo estipulado en el Plan de Desarrollo Departamental 2012-2015, en su Eje Econ\u00f3mico, como lineamiento de pol\u00edticas define la \u201cPromoci\u00f3n del desarrollo econ\u00f3mico local de las subregiones y los municipios y esta vez se har\u00e1 en el Distrito\u201d, expres\u00f3 Juan Guillermo Valencia de la Torre, director de Planeaci\u00f3n Departamental.<\/p>\n<p>Debido a la realizaci\u00f3n de la actividad en Buenaventura, se est\u00e1 convocando al Alcalde Distrital, Director de Planeaci\u00f3n, empresarios, grupos organizados, representantes de comunidades negras, as\u00ed como de los Resguardos Ind\u00edgenas y personas del com\u00fan, para que asistan a este evento y reciban\u00a0 informaci\u00f3n importante.<\/p>\n<p>Entre los temas que se tocar\u00e1n est\u00e1n entre otros: el Balance del Fondo Ciencia, Tecnolog\u00eda e Innovaci\u00f3n (CTeI); avance en el Departamento en torno al Plan y Acuerdo de CTeI con el Gobierno Nacional bajo el liderazgo de Colciencias; t\u00e9rminos de referencia para presentar iniciativas de proyectos de Ciencia\u00a0 susceptibles de\u00a0 ser incorporadas en el Plan y Acuerdo de CTeI del Departamento.<\/p>\n<p>De igual forma presentaci\u00f3n de la Comisi\u00f3n Regional de Competitividad del Valle del Cauca y la socializaci\u00f3n lineamientos de la Pol\u00edtica del Sistema Nacional de Competitividad, Ciencia, Tecnolog\u00eda e Innovaci\u00f3n (CTeI).<\/p>\n<p>Adem\u00e1s habr\u00e1 espacio para preguntas de los asistentes sobre lineamientos de la Pol\u00edtica del Sistema Nacional de Competitividad.<\/p>\n","protected":false},"excerpt":{"rendered":"<p>Cumpliendo las directrices del Gobernador Ubeimar Delgado Bland\u00f3n, se realizar\u00e1 en Buenaventura el Taller Subregional de Socializaci\u00f3n de la Pol\u00edtica del Sistema Nacional de Competitividad, Ciencia, Tecnolog\u00eda e Innovaci\u00f3n. El evento se llevar\u00e1 a cabo el pr\u00f3ximo jueves 6 de agosto de 9:30 a.m. a 3:30 p.m. en el auditorio[&#8230;]<\/p>\n","protected":false},"author":1,"featured_media":5960,"comment_status":"open","ping_status":"open","sticky":false,"template":"","format":"standard","meta":{"footnotes":""},"categories":[4],"tags":[],"_links":{"self":[{"href":"https:\/\/emisora.univalle.edu.co\/index.php\/wp-json\/wp\/v2\/posts\/5971"}],"collection":[{"href":"https:\/\/emisora.univalle.edu.co\/index.php\/wp-json\/wp\/v2\/posts"}],"about":[{"href":"https:\/\/emisora.univalle.edu.co\/index.php\/wp-json\/wp\/v2\/types\/post"}],"author":[{"embeddable":true,"href":"https:\/\/emisora.univalle.edu.co\/index.php\/wp-json\/wp\/v2\/users\/1"}],"replies":[{"embeddable":true,"href":"https:\/\/emisora.univalle.edu.co\/index.php\/wp-json\/wp\/v2\/comments?post=5971"}],"version-history":[{"count":1,"href":"https:\/\/emisora.univalle.edu.co\/index.php\/wp-json\/wp\/v2\/posts\/5971\/revisions"}],"predecessor-version":[{"id":5972,"href":"https:\/\/emisora.univalle.edu.co\/index.php\/wp-json\/wp\/v2\/posts\/5971\/revisions\/5972"}],"wp:featuredmedia":[{"embeddable":true,"href":"https:\/\/emisora.univalle.edu.co\/index.php\/wp-json\/wp\/v2\/media\/5960"}],"wp:attachment":[{"href":"https:\/\/emisora.univalle.edu.co\/index.php\/wp-json\/wp\/v2\/media?parent=5971"}],"wp:term":[{"taxonomy":"category","embeddable":true,"href":"https:\/\/emisora.univalle.edu.co\/index.php\/wp-json\/wp\/v2\/categories?post=5971"},{"taxonomy":"post_tag","embeddable":true,"href":"https:\/\/emisora.univalle.edu.co\/index.php\/wp-json\/wp\/v2\/tags?post=5971"}],"curies":[{"name":"wp","href":"https:\/\/api.w.org\/{rel}","templated":true}]}}