{"id":5973,"date":"2015-08-05T15:05:10","date_gmt":"2015-08-05T20:05:10","guid":{"rendered":"https:\/\/emisora.univalle.edu.co\/\/?p=5973"},"modified":"2015-08-05T15:05:10","modified_gmt":"2015-08-05T20:05:10","slug":"cali-con-la-mejor-calidad-del-aire-en-colombia-segunda-en-latinoamerica","status":"publish","type":"post","link":"https:\/\/emisora.univalle.edu.co\/index.php\/cali-con-la-mejor-calidad-del-aire-en-colombia-segunda-en-latinoamerica\/","title":{"rendered":"Cali, con la mejor calidad del aire en Colombia, segunda en Latinoam\u00e9rica"},"content":{"rendered":"<p><span style=\"line-height: 1.5em;\">En un estudio realizado por la Organizaci\u00f3n Mundial de la Salud, OMS, se\u00a0 sit\u00faa a Santiago de Cali como la segunda ciudad con menor contaminaci\u00f3n ambiental de Am\u00e9rica Latina.<\/span><\/p>\n<p>La Organizaci\u00f3n Mundial de la Salud (OMS) mide la concentraci\u00f3n de part\u00edculas inferiores a los 2,5 micr\u00f3metros presentes en el aire, para establecer un patr\u00f3n de comparaci\u00f3n entre las grandes urbes con m\u00e1s de un mill\u00f3n de habitantes, y organiza los resultados en ug\/m3, es decir, microgramos por metro c\u00fabico de aire.<\/p>\n<p>En Am\u00e9rica Latina, la \u00fanica ciudad que est\u00e1 por debajo del promedio recomendado por la OMS es la brasile\u00f1a Salvador, en el estado de Bah\u00eda, conocida como la primera capital del Brasil (9,2 ug\/m3), y le sigue Cali, la \u00fanica colombiana por debajo de los 19 ug\/m3.<\/p>\n<p>\u201cEste logro se debe a varias situaciones, uno de ellos es la implementaci\u00f3n del transporte masivo MIO que ha ayudado a la ciudad a disminuir las emisiones de gases, y por otro lado, los controles que ejerce el Dagma, no solo en las fuentes m\u00f3viles que se realizan diariamente con el apoyo de la Secretar\u00eda de Tr\u00e1nsito, sino tambi\u00e9n en la vigilancia y control que la autoridad ambiental ejerce en las empresas e industrias de la ciudad, para que cumplan con la normatividad ambiental\u201d, indic\u00f3 Gisella Arizabaleta, l\u00edder del grupo de Calidad del Aire del Dagma.<\/p>\n<p><b>Dagma verifica la calidad del aire<\/b><\/p>\n<p>Conforme a lo establecido en el art\u00edculo 15 de la Resoluci\u00f3n 910 de 2008 del Ministerio de Ambiente, Vivienda y Desarrollo Territorial, es responsabilidad de la autoridad ambiental realizar operativos de verificaci\u00f3n de emisiones generadas por las fuentes m\u00f3viles que circulen dentro del \u00e1rea de su jurisdicci\u00f3n.<\/p>\n<p>Actualmente, el Grupo de Calidad del Aire del Dagma, en conjunto con la Secretar\u00eda de Tr\u00e1nsito Municipal, viene realizando operativos en diferentes puntos de la ciudad de Santiago de Cali para verificar el estado de las fuentes m\u00f3viles, en cuanto a emisiones de gases contaminantes.<\/p>\n<p>Igualmente, el grupo GAE, Gesti\u00f3n Ambiental Empresarial del Dagma, realiza la vigilancia, el control y seguimiento a las empresas e industrias de la ciudad para que disminuyan sus emisiones de C02, di\u00f3xido de carbono y realicen mejoras en sus procedimientos para cumplir con la normatividad ambiental vigente en el pa\u00eds.<\/p>\n<p><b>Sello de carbono neutro organizacional, otro aporte del Dagma<\/b><\/p>\n<p>Cali es pionera en la implementaci\u00f3n de un sello que certificar\u00e1 a las empresas e industrias en la reducci\u00f3n de la huella de carbono organizacional.<\/p>\n<p>Es el primer proyecto puesto en marcha en el pa\u00eds, liderado por el Dagma con el apoyo de la CVC.<\/p>\n<p>30 empresas cale\u00f1as de los sectores industrial y de servicios comenzaron este programa, orientado por Icontec, que adem\u00e1s de incentivar la reducci\u00f3n de la emisi\u00f3n de gases efecto invernadero, derivados de su actividad econ\u00f3mica, le permitir\u00e1n a las empresas levantar el inventario de sus emisiones, medir su huella de carbono e implementar acciones de compensaci\u00f3n para alcanzar niveles de neutralidad en sus emisiones.<\/p>\n<p>Igualmente, la Directora del Dagma, Mar\u00eda del Mar Mozo, enfatiz\u00f3 que el sello que se otorgar\u00e1 a las empresas que se vincularon al proyecto es un certificado internacional que posicionar\u00e1 mundialmente los bienes y servicios elaborados en Santiago de Cali, como territorio de productos con alta responsabilidad social empresarial y exigentes est\u00e1ndares internacionales.<\/p>\n<p>Fuente: Comunicaciones Alcald\u00eda<\/p>\n","protected":false},"excerpt":{"rendered":"<p>En un estudio realizado por la Organizaci\u00f3n Mundial de la Salud, OMS, se\u00a0 sit\u00faa a Santiago de Cali como la segunda ciudad con menor contaminaci\u00f3n ambiental de Am\u00e9rica Latina. La Organizaci\u00f3n Mundial de la Salud (OMS) mide la concentraci\u00f3n de part\u00edculas inferiores a los 2,5 micr\u00f3metros presentes en el aire,[&#8230;]<\/p>\n","protected":false},"author":1,"featured_media":5961,"comment_status":"open","ping_status":"open","sticky":false,"template":"","format":"standard","meta":{"footnotes":""},"categories":[4],"tags":[],"_links":{"self":[{"href":"https:\/\/emisora.univalle.edu.co\/index.php\/wp-json\/wp\/v2\/posts\/5973"}],"collection":[{"href":"https:\/\/emisora.univalle.edu.co\/index.php\/wp-json\/wp\/v2\/posts"}],"about":[{"href":"https:\/\/emisora.univalle.edu.co\/index.php\/wp-json\/wp\/v2\/types\/post"}],"author":[{"embeddable":true,"href":"https:\/\/emisora.univalle.edu.co\/index.php\/wp-json\/wp\/v2\/users\/1"}],"replies":[{"embeddable":true,"href":"https:\/\/emisora.univalle.edu.co\/index.php\/wp-json\/wp\/v2\/comments?post=5973"}],"version-history":[{"count":1,"href":"https:\/\/emisora.univalle.edu.co\/index.php\/wp-json\/wp\/v2\/posts\/5973\/revisions"}],"predecessor-version":[{"id":5974,"href":"https:\/\/emisora.univalle.edu.co\/index.php\/wp-json\/wp\/v2\/posts\/5973\/revisions\/5974"}],"wp:featuredmedia":[{"embeddable":true,"href":"https:\/\/emisora.univalle.edu.co\/index.php\/wp-json\/wp\/v2\/media\/5961"}],"wp:attachment":[{"href":"https:\/\/emisora.univalle.edu.co\/index.php\/wp-json\/wp\/v2\/media?parent=5973"}],"wp:term":[{"taxonomy":"category","embeddable":true,"href":"https:\/\/emisora.univalle.edu.co\/index.php\/wp-json\/wp\/v2\/categories?post=5973"},{"taxonomy":"post_tag","embeddable":true,"href":"https:\/\/emisora.univalle.edu.co\/index.php\/wp-json\/wp\/v2\/tags?post=5973"}],"curies":[{"name":"wp","href":"https:\/\/api.w.org\/{rel}","templated":true}]}}