{"id":5977,"date":"2015-08-05T15:07:11","date_gmt":"2015-08-05T20:07:11","guid":{"rendered":"https:\/\/emisora.univalle.edu.co\/\/?p=5977"},"modified":"2015-08-05T15:07:11","modified_gmt":"2015-08-05T20:07:11","slug":"premiadas-mejores-iniciativas-de-estimulos-cali-2015","status":"publish","type":"post","link":"https:\/\/emisora.univalle.edu.co\/index.php\/premiadas-mejores-iniciativas-de-estimulos-cali-2015\/","title":{"rendered":"Premiadas, mejores iniciativas de Est\u00edmulos Cali 2015"},"content":{"rendered":"<p><span style=\"line-height: 1.5em;\">Con una emotiva ceremonia que congreg\u00f3 a diferentes artistas y emprendedores culturales, se realiz\u00f3 este martes 4 de agosto en el Centro Cultural de Cali, el reconocimiento\u00a0 p\u00fablico a los ganadores de Est\u00edmulos Cali 2015.<\/span><\/p>\n<p>El evento estuvo presidido por la secretaria de Cultura y Turismo, Mar\u00eda Helena Qui\u00f1\u00f3nez Salcedo, quien hizo entrega de los certificados que acreditan el t\u00edtulo de ganador.<\/p>\n<p>Para la secretaria Qui\u00f1\u00f3nez \u201cesta convocatoria es la m\u00e1s grande que ha hecho la Alcald\u00eda de Cali, con una inversi\u00f3n de $620 millones, que se entregan a los ganadores para financiar o cofinanciar sus creaciones culturales\u201d.<\/p>\n<p>Asimismo, enfatiz\u00f3 que desde la Secretar\u00eda de Cultura y Turismo se pretende que los recursos p\u00fablicos sean un est\u00edmulo para seguir llenando a Cali de vida cultural.<\/p>\n<p>\u201cMuchos, por primera vez, obtienen un recurso de la Secretar\u00eda de Cultura y Turismo de Cali, porque precisamente quer\u00edamos que la convocatoria permitiera ver caras nuevas, con nuevas oportunidades. Y otros artistas tienen tan grande experiencia y profesionalismo en lo que hacen, que el jurado, de manera independiente e imparcial, los eligi\u00f3 como proyectos ganadores\u201d.<\/p>\n<p>Es as\u00ed como se entregaron 55 Est\u00edmulos, distribuidos en 8 becas de literatura, 3 en m\u00fasica, 5 en teatro y circo, 4 en danza, 10 en pl\u00e1sticas y visuales, 4 en audiovisuales, 3 en periodismo cultural, 8 en emprendimiento cultural, y 10 en eventos y festivales.<\/p>\n<p>Mayores informes:<\/p>\n<p>Gesti\u00f3n de Emprendimiento Cultural<\/p>\n<p>Tel\u00e9fono: 8859087<\/p>\n<p>Fuente: Comunicaciones Alcald\u00eda<\/p>\n","protected":false},"excerpt":{"rendered":"<p>Con una emotiva ceremonia que congreg\u00f3 a diferentes artistas y emprendedores culturales, se realiz\u00f3 este martes 4 de agosto en el Centro Cultural de Cali, el reconocimiento\u00a0 p\u00fablico a los ganadores de Est\u00edmulos Cali 2015. El evento estuvo presidido por la secretaria de Cultura y Turismo, Mar\u00eda Helena Qui\u00f1\u00f3nez Salcedo,[&#8230;]<\/p>\n","protected":false},"author":1,"featured_media":5963,"comment_status":"open","ping_status":"open","sticky":false,"template":"","format":"standard","meta":{"footnotes":""},"categories":[4],"tags":[],"_links":{"self":[{"href":"https:\/\/emisora.univalle.edu.co\/index.php\/wp-json\/wp\/v2\/posts\/5977"}],"collection":[{"href":"https:\/\/emisora.univalle.edu.co\/index.php\/wp-json\/wp\/v2\/posts"}],"about":[{"href":"https:\/\/emisora.univalle.edu.co\/index.php\/wp-json\/wp\/v2\/types\/post"}],"author":[{"embeddable":true,"href":"https:\/\/emisora.univalle.edu.co\/index.php\/wp-json\/wp\/v2\/users\/1"}],"replies":[{"embeddable":true,"href":"https:\/\/emisora.univalle.edu.co\/index.php\/wp-json\/wp\/v2\/comments?post=5977"}],"version-history":[{"count":1,"href":"https:\/\/emisora.univalle.edu.co\/index.php\/wp-json\/wp\/v2\/posts\/5977\/revisions"}],"predecessor-version":[{"id":5978,"href":"https:\/\/emisora.univalle.edu.co\/index.php\/wp-json\/wp\/v2\/posts\/5977\/revisions\/5978"}],"wp:featuredmedia":[{"embeddable":true,"href":"https:\/\/emisora.univalle.edu.co\/index.php\/wp-json\/wp\/v2\/media\/5963"}],"wp:attachment":[{"href":"https:\/\/emisora.univalle.edu.co\/index.php\/wp-json\/wp\/v2\/media?parent=5977"}],"wp:term":[{"taxonomy":"category","embeddable":true,"href":"https:\/\/emisora.univalle.edu.co\/index.php\/wp-json\/wp\/v2\/categories?post=5977"},{"taxonomy":"post_tag","embeddable":true,"href":"https:\/\/emisora.univalle.edu.co\/index.php\/wp-json\/wp\/v2\/tags?post=5977"}],"curies":[{"name":"wp","href":"https:\/\/api.w.org\/{rel}","templated":true}]}}