{"id":6002,"date":"2015-08-06T14:59:30","date_gmt":"2015-08-06T19:59:30","guid":{"rendered":"https:\/\/emisora.univalle.edu.co\/\/?p=6002"},"modified":"2015-08-06T14:59:30","modified_gmt":"2015-08-06T19:59:30","slug":"william-emilio-gil-se-posesiono-como-nuevo-alcalde-de-calima-el-darien","status":"publish","type":"post","link":"https:\/\/emisora.univalle.edu.co\/index.php\/william-emilio-gil-se-posesiono-como-nuevo-alcalde-de-calima-el-darien\/","title":{"rendered":"William Emilio Gil se posesion\u00f3 como nuevo alcalde de Calima El Dari\u00e9n"},"content":{"rendered":"<p><span style=\"line-height: 1.5em;\">Ante algunas dudas surgidas por el nombramiento del nuevo alcalde del municipio de Calima El Dari\u00e9n, William Emilio Gil, el secretario privado de la Gobernaci\u00f3n Adolfo Le\u00f3n L\u00f3pez aclar\u00f3 que dicha designaci\u00f3n se origina de una nueva terna presentada por el Partido Liberal que respald\u00f3 al titular Luis Eduardo Vargas quien fue elegido por voto popular, ante la renuncia irrevocable de Vargas al cargo.<\/span><\/p>\n<p>Adolfo Le\u00f3n Fl\u00f3rez indic\u00f3 que con esta decisi\u00f3n autom\u00e1ticamente queda sin efectos el nombramiento de Carlos Alberto Botero quien se ven\u00eda desempe\u00f1ando con alcalde encargado mientras se aclaraba la situaci\u00f3n del titular. \u201cLa posici\u00f3n oficial del gobierno departamental es que no hay sino un solo alcalde que es William Emilio Gil, teniendo en cuenta Carlos Botero reemplaz\u00f3 a Luis Eduardo Vargas s\u00f3lo mientras se surt\u00eda el proceso de la investigaci\u00f3n. Ahora, con la renuncia del alcalde en propiedad se da la falta absoluta y por eso se solicit\u00f3 la terna de donde se design\u00f3 al William Gil\u201d, puntualiz\u00f3 el Secretario Privado.<\/p>\n<p>Para la toma de esta decisi\u00f3n el gobierno departamental solicit\u00f3 los conceptos pertinentes al Ministerio de Interior. Willian Emilio Gil ya tom\u00f3 posesi\u00f3n de su cargo como Alcalde de Calima El Dari\u00e9n con continuidad hasta diciembre 31 de 2015<\/p>\n<p>Fuente: Comunicaciones Gobernaci\u00f3n<\/p>\n","protected":false},"excerpt":{"rendered":"<p>Ante algunas dudas surgidas por el nombramiento del nuevo alcalde del municipio de Calima El Dari\u00e9n, William Emilio Gil, el secretario privado de la Gobernaci\u00f3n Adolfo Le\u00f3n L\u00f3pez aclar\u00f3 que dicha designaci\u00f3n se origina de una nueva terna presentada por el Partido Liberal que respald\u00f3 al titular Luis Eduardo Vargas[&#8230;]<\/p>\n","protected":false},"author":1,"featured_media":5987,"comment_status":"open","ping_status":"open","sticky":false,"template":"","format":"standard","meta":{"footnotes":""},"categories":[4],"tags":[],"_links":{"self":[{"href":"https:\/\/emisora.univalle.edu.co\/index.php\/wp-json\/wp\/v2\/posts\/6002"}],"collection":[{"href":"https:\/\/emisora.univalle.edu.co\/index.php\/wp-json\/wp\/v2\/posts"}],"about":[{"href":"https:\/\/emisora.univalle.edu.co\/index.php\/wp-json\/wp\/v2\/types\/post"}],"author":[{"embeddable":true,"href":"https:\/\/emisora.univalle.edu.co\/index.php\/wp-json\/wp\/v2\/users\/1"}],"replies":[{"embeddable":true,"href":"https:\/\/emisora.univalle.edu.co\/index.php\/wp-json\/wp\/v2\/comments?post=6002"}],"version-history":[{"count":1,"href":"https:\/\/emisora.univalle.edu.co\/index.php\/wp-json\/wp\/v2\/posts\/6002\/revisions"}],"predecessor-version":[{"id":6003,"href":"https:\/\/emisora.univalle.edu.co\/index.php\/wp-json\/wp\/v2\/posts\/6002\/revisions\/6003"}],"wp:featuredmedia":[{"embeddable":true,"href":"https:\/\/emisora.univalle.edu.co\/index.php\/wp-json\/wp\/v2\/media\/5987"}],"wp:attachment":[{"href":"https:\/\/emisora.univalle.edu.co\/index.php\/wp-json\/wp\/v2\/media?parent=6002"}],"wp:term":[{"taxonomy":"category","embeddable":true,"href":"https:\/\/emisora.univalle.edu.co\/index.php\/wp-json\/wp\/v2\/categories?post=6002"},{"taxonomy":"post_tag","embeddable":true,"href":"https:\/\/emisora.univalle.edu.co\/index.php\/wp-json\/wp\/v2\/tags?post=6002"}],"curies":[{"name":"wp","href":"https:\/\/api.w.org\/{rel}","templated":true}]}}