{"id":6006,"date":"2015-08-06T15:03:14","date_gmt":"2015-08-06T20:03:14","guid":{"rendered":"https:\/\/emisora.univalle.edu.co\/\/?p=6006"},"modified":"2015-08-06T15:03:14","modified_gmt":"2015-08-06T20:03:14","slug":"diplomado-verificacion-de-las-condiciones-para-la-habilitacion-de-prestadores-de-servicios-de-salud","status":"publish","type":"post","link":"https:\/\/emisora.univalle.edu.co\/index.php\/diplomado-verificacion-de-las-condiciones-para-la-habilitacion-de-prestadores-de-servicios-de-salud\/","title":{"rendered":"Diplomado: Verificaci\u00f3n de las condiciones para la habilitaci\u00f3n de prestadores de servicios de salud"},"content":{"rendered":"<p><span style=\"line-height: 1.5em;\">Diplomado verificaci\u00f3n condiciones para habilitacion de servicios de saludEl Diplomado: Verificaci\u00f3n de las condiciones para la habilitaci\u00f3n de prestadores de servicios de salud est\u00e1 dise\u00f1ado dentro del marco normativo del Sistema Obligatorio de Garant\u00eda de la Calidad definido en el decreto 1011 de 2006 y la \u00faltima norma del Sistema \u00danico de Habilitaci\u00f3n Resoluci\u00f3n 2003 de junio de 2014.<\/span><\/p>\n<p>Este diplomado forma a los profesionales de diferentes \u00e1reas de la Salud, la administraci\u00f3n y otras afines, para la revisi\u00f3n, examen, aplicaci\u00f3n e interpretaci\u00f3n de los respectivos est\u00e1ndares de habilitaci\u00f3n. Esta formaci\u00f3n les permitir\u00e1 desempe\u00f1arse en la funci\u00f3n de verificadores para la entidad territorial y les brindar\u00e1 habilidades para asumir el rol de asesores internos para el aprestamiento de las instituciones hacia la habilitaci\u00f3n.<\/p>\n<p>Programaci\u00f3n proyectada<\/p>\n<p>Fecha de Inicio: Septiembre 22 de 2015<\/p>\n<p>Fecha de finalizaci\u00f3n: Noviembre 24 de 2015<\/p>\n<p>*Esta fecha est\u00e1 sujeta a la inscripci\u00f3n del Cupo M\u00ednimo para dar inicio.<\/p>\n<p>Horario<\/p>\n<p>D\u00edas: Martes &#8211; Mi\u00e9rcoles \u2013 Jueves<\/p>\n<p>Hora: 5:00 a 9:00 p.m.<\/p>\n<p>Inversi\u00f3n<\/p>\n<p>El costo del Diplomado es el valor en pesos equivalente a 3.72 SMMLV.<\/p>\n<p>$2&#8217;396.982<\/p>\n<table width=\"628\" border=\"0\" cellspacing=\"0\" cellpadding=\"0\">\n<tbody>\n<tr>\n<td colspan=\"2\" width=\"628\">\n<h2>Profesores y temas<\/h2>\n<\/td>\n<td width=\"0\">&nbsp;<\/td>\n<\/tr>\n<tr>\n<td width=\"228\">\n<p align=\"center\"><strong>DOCENTE<\/strong><\/p>\n<\/td>\n<td width=\"400\">\n<p align=\"center\"><strong>TEMA<\/strong><\/p>\n<\/td>\n<td width=\"0\">&nbsp;<\/td>\n<\/tr>\n<tr>\n<td width=\"228\"><strong>Mar\u00eda Fernanda Tobar<\/strong><\/td>\n<td width=\"400\">Presentaci\u00f3n del Curso, Programaci\u00f3n y Metodolog\u00eda.<\/td>\n<td width=\"0\">&nbsp;<\/td>\n<\/tr>\n<tr>\n<td rowspan=\"2\" width=\"228\"><strong>Jairo Arcilla<\/strong><\/td>\n<td width=\"400\">Modelos de Gesti\u00f3n en Salud<\/td>\n<td width=\"0\">&nbsp;<\/td>\n<\/tr>\n<tr>\n<td width=\"400\">Generalidades de Sistemas de Calidad \/<br \/>\nMarco legal SOGC<\/td>\n<td width=\"0\">&nbsp;<\/td>\n<\/tr>\n<tr>\n<td width=\"228\"><strong>Mercedes Paredes<\/strong><\/td>\n<td width=\"400\">Proceso de Inscripci\u00f3n y Registro al Sistema \u00danico de Habilitaci\u00f3n. Nuevos Prestadores, Reactivaci\u00f3n de Prestadores, Autoevaluaci\u00f3n y Reporte de Novedades<\/td>\n<td width=\"0\">&nbsp;<\/td>\n<\/tr>\n<tr>\n<td rowspan=\"2\" width=\"228\"><strong>Hepsy Ospina<\/strong><\/td>\n<td width=\"400\">Sistema \u00danico de Habilitaci\u00f3n \/Est\u00e1ndares de habilitaci\u00f3n (Gen\u00e9rico)<\/td>\n<td width=\"0\">&nbsp;<\/td>\n<\/tr>\n<tr>\n<td width=\"400\">Metodolog\u00eda Verificaci\u00f3n de las Condiciones de Habilitaci\u00f3n \/ Presentaci\u00f3n de Informe<\/td>\n<td width=\"0\">&nbsp;<\/td>\n<\/tr>\n<tr>\n<td nowrap=\"nowrap\" width=\"228\"><strong>Luis Evelio V\u00e1squez<\/strong><\/td>\n<td width=\"400\">Condiciones de Suficiencia Administrativa \/ Financiera<\/td>\n<td width=\"0\">&nbsp;<\/td>\n<\/tr>\n<tr>\n<td rowspan=\"2\" width=\"228\"><strong>Carlos Lora<\/strong><\/td>\n<td rowspan=\"2\" width=\"400\">Est\u00e1ndar de Instalaciones f\u00edsicas e Infraestructura Hospitalaria<\/td>\n<td width=\"0\">&nbsp;<\/td>\n<\/tr>\n<tr>\n<td width=\"0\">&nbsp;<\/td>\n<\/tr>\n<tr>\n<td rowspan=\"2\" nowrap=\"nowrap\" width=\"228\"><strong>Andr\u00e9s Riascos<\/strong><\/td>\n<td rowspan=\"2\" width=\"400\">Est\u00e1ndar de Dotaci\u00f3n y Mantenimiento<\/td>\n<td width=\"0\">&nbsp;<\/td>\n<\/tr>\n<tr>\n<td width=\"0\">&nbsp;<\/td>\n<\/tr>\n<tr>\n<td rowspan=\"2\" nowrap=\"nowrap\" width=\"228\"><strong>V\u00edctor Escobar<\/strong><\/td>\n<td rowspan=\"2\" width=\"400\">Est\u00e1ndar de Gesti\u00f3n de Medicamentos y Dispositivos m\u00e9dicos<\/td>\n<td width=\"0\">&nbsp;<\/td>\n<\/tr>\n<tr>\n<td width=\"0\">&nbsp;<\/td>\n<\/tr>\n<tr>\n<td width=\"228\"><strong>Martha Yolanda Ruiz<\/strong><\/td>\n<td width=\"400\">Est\u00e1ndar de Talento Humano<\/td>\n<td width=\"0\">&nbsp;<\/td>\n<\/tr>\n<tr>\n<td nowrap=\"nowrap\" width=\"228\"><strong>Juan Carlos Mart\u00ednez<\/strong><\/td>\n<td width=\"400\">Est\u00e1ndar de Historia Cl\u00ednica y Registros Asistenciales<\/td>\n<td width=\"0\">&nbsp;<\/td>\n<\/tr>\n<tr>\n<td nowrap=\"nowrap\" width=\"228\"><strong>Fernando Maya<\/strong><\/td>\n<td width=\"400\">Est\u00e1ndar de Procesos Prioritarios<\/td>\n<td width=\"0\">&nbsp;<\/td>\n<\/tr>\n<tr>\n<td width=\"228\"><strong>Jairo Arcila<\/strong><\/td>\n<td width=\"400\">Pol\u00edtica Nacional de Seguridad del Paciente (Metodolog\u00edas) Programa de Seguridad del Paciente<\/td>\n<td width=\"0\">&nbsp;<\/td>\n<\/tr>\n<tr>\n<td nowrap=\"nowrap\" width=\"228\"><strong>Juan Carlos Mart\u00ednez<\/strong><\/td>\n<td width=\"400\">Est\u00e1ndar de Interdependencia de servicios<\/td>\n<td width=\"0\">&nbsp;<\/td>\n<\/tr>\n<tr>\n<td nowrap=\"nowrap\" width=\"228\"><strong>Fernando Maya<\/strong><\/td>\n<td width=\"400\">Indicadores circular \u00fanica para calidad<\/td>\n<td width=\"0\">&nbsp;<\/td>\n<\/tr>\n<tr>\n<td width=\"228\"><strong>Mar\u00eda Fernanda Tobar<\/strong><\/td>\n<td width=\"400\">Presentaci\u00f3n del Informe de visitas de verificaci\u00f3n<\/td>\n<td width=\"0\">&nbsp;<\/td>\n<\/tr>\n<tr>\n<td nowrap=\"nowrap\" width=\"228\"><strong>Roberto Cuenca<\/strong><\/td>\n<td width=\"400\">\u00c9tica en la habilitaci\u00f3n<\/td>\n<td width=\"0\">&nbsp;<\/td>\n<\/tr>\n<tr>\n<td nowrap=\"nowrap\" width=\"228\"><strong>Erick Bausano<\/strong><\/td>\n<td width=\"400\">Programa de Auditor\u00eda para el Mejoramiento de la Calidad<\/td>\n<td width=\"0\">&nbsp;<\/td>\n<\/tr>\n<tr>\n<td nowrap=\"nowrap\" width=\"228\"><strong>Prof. Invitado &#8211; Jairo Aguilera<\/strong><\/td>\n<td width=\"400\">Verificaciones Especiales (Oncolog\u00eda)<\/td>\n<td width=\"0\">&nbsp;<\/td>\n<\/tr>\n<tr>\n<td nowrap=\"nowrap\" width=\"228\"><strong>Beatriz Panchano<\/strong><\/td>\n<td width=\"400\">Conductas en Habilitaci\u00f3n<\/td>\n<td width=\"0\">&nbsp;<\/td>\n<\/tr>\n<tr>\n<td nowrap=\"nowrap\" width=\"228\"><strong>Docentes<\/strong><\/td>\n<td width=\"400\">Presentaci\u00f3n Informe Final de Verificaci\u00f3n Independiente<\/td>\n<td width=\"0\">&nbsp;<\/td>\n<\/tr>\n<tr>\n<td nowrap=\"nowrap\" width=\"228\"><strong>Docentes<\/strong><\/td>\n<td width=\"400\">Entrega de Informe Final de Pr\u00e1ctica Tutoriada<\/td>\n<td width=\"0\">&nbsp;<\/td>\n<\/tr>\n<tr>\n<td width=\"228\"><strong>Docentes<\/strong><\/td>\n<td width=\"400\">Grado Diplomado<\/td>\n<td><\/td>\n<\/tr>\n<\/tbody>\n<\/table>\n<p>&nbsp;<\/p>\n<p>Fuente: Escuela de Salud P\u00fablica<\/p>\n<p><span style=\"line-height: 1.5em;\">\u00a0<\/span><\/p>\n","protected":false},"excerpt":{"rendered":"<p>Diplomado verificaci\u00f3n condiciones para habilitacion de servicios de saludEl Diplomado: Verificaci\u00f3n de las condiciones para la habilitaci\u00f3n de prestadores de servicios de salud est\u00e1 dise\u00f1ado dentro del marco normativo del Sistema Obligatorio de Garant\u00eda de la Calidad definido en el decreto 1011 de 2006 y la \u00faltima norma del Sistema[&#8230;]<\/p>\n","protected":false},"author":1,"featured_media":5988,"comment_status":"open","ping_status":"open","sticky":false,"template":"","format":"standard","meta":{"footnotes":""},"categories":[4],"tags":[],"_links":{"self":[{"href":"https:\/\/emisora.univalle.edu.co\/index.php\/wp-json\/wp\/v2\/posts\/6006"}],"collection":[{"href":"https:\/\/emisora.univalle.edu.co\/index.php\/wp-json\/wp\/v2\/posts"}],"about":[{"href":"https:\/\/emisora.univalle.edu.co\/index.php\/wp-json\/wp\/v2\/types\/post"}],"author":[{"embeddable":true,"href":"https:\/\/emisora.univalle.edu.co\/index.php\/wp-json\/wp\/v2\/users\/1"}],"replies":[{"embeddable":true,"href":"https:\/\/emisora.univalle.edu.co\/index.php\/wp-json\/wp\/v2\/comments?post=6006"}],"version-history":[{"count":1,"href":"https:\/\/emisora.univalle.edu.co\/index.php\/wp-json\/wp\/v2\/posts\/6006\/revisions"}],"predecessor-version":[{"id":6007,"href":"https:\/\/emisora.univalle.edu.co\/index.php\/wp-json\/wp\/v2\/posts\/6006\/revisions\/6007"}],"wp:featuredmedia":[{"embeddable":true,"href":"https:\/\/emisora.univalle.edu.co\/index.php\/wp-json\/wp\/v2\/media\/5988"}],"wp:attachment":[{"href":"https:\/\/emisora.univalle.edu.co\/index.php\/wp-json\/wp\/v2\/media?parent=6006"}],"wp:term":[{"taxonomy":"category","embeddable":true,"href":"https:\/\/emisora.univalle.edu.co\/index.php\/wp-json\/wp\/v2\/categories?post=6006"},{"taxonomy":"post_tag","embeddable":true,"href":"https:\/\/emisora.univalle.edu.co\/index.php\/wp-json\/wp\/v2\/tags?post=6006"}],"curies":[{"name":"wp","href":"https:\/\/api.w.org\/{rel}","templated":true}]}}