{"id":6010,"date":"2015-08-06T15:05:45","date_gmt":"2015-08-06T20:05:45","guid":{"rendered":"https:\/\/emisora.univalle.edu.co\/\/?p=6010"},"modified":"2015-08-06T15:05:45","modified_gmt":"2015-08-06T20:05:45","slug":"consejo-de-estado-falla-favor-de-restriccion-de-horario-de-venta-de-licor","status":"publish","type":"post","link":"https:\/\/emisora.univalle.edu.co\/index.php\/consejo-de-estado-falla-favor-de-restriccion-de-horario-de-venta-de-licor\/","title":{"rendered":"Consejo de Estado falla a favor de restricci\u00f3n de horario de venta de licor"},"content":{"rendered":"<p><span style=\"line-height: 1.5em;\">La Secci\u00f3n Primera del Consejo de Estado fall\u00f3 a favor del Municipio de Santiago de Cali la demanda de simple nulidad contra el Decreto No. 0603 de 2 de septiembre de 2005, que regulaba la actividad de los establecimientos p\u00fablicos destinados al expendio de licor, fijando un horario para su funcionamiento.<\/span><\/p>\n<p>En sentencia de 20 de marzo de 2009, el Tribunal Administrativo del Valle del Cauca ya hab\u00eda negado las pretensiones de los demandantes.<\/p>\n<p>El director Jur\u00eddico de la Alcald\u00eda de Santiago de Cali, Carlos Humberto S\u00e1nchez Llanos, se\u00f1al\u00f3 que \u201cel Tribunal Administrativo del Valle del Cauca y el Consejo de Estado acogieron los argumentos expuestos por el Municipio, al considerar que el alcalde de Santiago de Cali est\u00e1 plenamente facultado para dictar las medidas que se requieran, con el fin de garantizar el orden p\u00fablico y la seguridad en el territorio\u201d.<\/p>\n<p>Otro de los argumentos a favor del Municipio es que el C\u00f3digo Nacional de Polic\u00eda permite a los mandatarios reglamentar el ejercicio de la libertad en un lugar p\u00fablico, en desarrollo de la funci\u00f3n de polic\u00eda.<\/p>\n<p>Los accidentes, lesiones personales y muertes causadas por el alcohol y las drogas, quejas por ruido, ocupaci\u00f3n del espacio p\u00fablico, entre otras situaciones, fueron suficiente motivaci\u00f3n para la expedici\u00f3n del Decreto que aplicaba horarios para la venta de licor, teniendo en cuenta que en las decisiones que toman las autoridades, debe primar el inter\u00e9s general sobre el particular.<\/p>\n<p>Fuente: Comunicaciones Alcald\u00eda<\/p>\n","protected":false},"excerpt":{"rendered":"<p>La Secci\u00f3n Primera del Consejo de Estado fall\u00f3 a favor del Municipio de Santiago de Cali la demanda de simple nulidad contra el Decreto No. 0603 de 2 de septiembre de 2005, que regulaba la actividad de los establecimientos p\u00fablicos destinados al expendio de licor, fijando un horario para su[&#8230;]<\/p>\n","protected":false},"author":1,"featured_media":5999,"comment_status":"open","ping_status":"open","sticky":false,"template":"","format":"standard","meta":{"footnotes":""},"categories":[4],"tags":[],"_links":{"self":[{"href":"https:\/\/emisora.univalle.edu.co\/index.php\/wp-json\/wp\/v2\/posts\/6010"}],"collection":[{"href":"https:\/\/emisora.univalle.edu.co\/index.php\/wp-json\/wp\/v2\/posts"}],"about":[{"href":"https:\/\/emisora.univalle.edu.co\/index.php\/wp-json\/wp\/v2\/types\/post"}],"author":[{"embeddable":true,"href":"https:\/\/emisora.univalle.edu.co\/index.php\/wp-json\/wp\/v2\/users\/1"}],"replies":[{"embeddable":true,"href":"https:\/\/emisora.univalle.edu.co\/index.php\/wp-json\/wp\/v2\/comments?post=6010"}],"version-history":[{"count":1,"href":"https:\/\/emisora.univalle.edu.co\/index.php\/wp-json\/wp\/v2\/posts\/6010\/revisions"}],"predecessor-version":[{"id":6011,"href":"https:\/\/emisora.univalle.edu.co\/index.php\/wp-json\/wp\/v2\/posts\/6010\/revisions\/6011"}],"wp:featuredmedia":[{"embeddable":true,"href":"https:\/\/emisora.univalle.edu.co\/index.php\/wp-json\/wp\/v2\/media\/5999"}],"wp:attachment":[{"href":"https:\/\/emisora.univalle.edu.co\/index.php\/wp-json\/wp\/v2\/media?parent=6010"}],"wp:term":[{"taxonomy":"category","embeddable":true,"href":"https:\/\/emisora.univalle.edu.co\/index.php\/wp-json\/wp\/v2\/categories?post=6010"},{"taxonomy":"post_tag","embeddable":true,"href":"https:\/\/emisora.univalle.edu.co\/index.php\/wp-json\/wp\/v2\/tags?post=6010"}],"curies":[{"name":"wp","href":"https:\/\/api.w.org\/{rel}","templated":true}]}}