{"id":6012,"date":"2015-08-06T15:07:08","date_gmt":"2015-08-06T20:07:08","guid":{"rendered":"https:\/\/emisora.univalle.edu.co\/\/?p=6012"},"modified":"2015-08-06T15:07:08","modified_gmt":"2015-08-06T20:07:08","slug":"turismo-departamental-apoya-festividades-municipales-en-el-mes-de-agosto","status":"publish","type":"post","link":"https:\/\/emisora.univalle.edu.co\/index.php\/turismo-departamental-apoya-festividades-municipales-en-el-mes-de-agosto\/","title":{"rendered":"Turismo departamental apoya festividades municipales en el mes de agosto"},"content":{"rendered":"<p><span style=\"line-height: 1.5em;\">A partir del 14 de agosto el Valle del Cauca tendr\u00e1 importantes festividades para el disfrute de toda la comunidad. El Festival Bandola en el municipio de Sevilla que va del 14 al 17 de este mes y el encuentro de danzas \u2018Cuna Calima\u2019 en Restrepo. Estas actividades tienen el apoyo de la Secretar\u00eda de Turismo departamental.<\/span><\/p>\n<p>\u201cEsta es una invitaci\u00f3n a todos los vallecaucanos para que apoyen la cultura de nuestra regi\u00f3n, para que se vinculen y visiten al municipio de Sevilla y Restrepo donde se estar\u00e1n llevando a cabo dos importantes manifestaciones culturales y tradicionales del departamento como el Festival Bandola, un esfuerzo cultural que ya se ha posicionado internacionalmente y en Restrepo el Encuentro de Danzas \u2018Cuna Calima\u2019, de manera pues que esperamos el apoyo de todos los vallecaucanos y dem\u00e1s colombianos para que apoyemos lo nuestro y entre todos sigamos construyendo un mejor departamento\u201d, indic\u00f3 Piedad Varela Marmolejo, Secretaria de Turismo del Valle.<\/p>\n<p>Estas actividades se han logrado posicionar y son fuente de turismo regional, acogiendo cada a\u00f1o a miles de espectadores que gustan del ambiente t\u00edpico del Valle y la buena m\u00fasica folcl\u00f3rica.<\/p>\n<p>Fuente: Comunicaciones Gobernaci\u00f3n<\/p>\n","protected":false},"excerpt":{"rendered":"<p>A partir del 14 de agosto el Valle del Cauca tendr\u00e1 importantes festividades para el disfrute de toda la comunidad. El Festival Bandola en el municipio de Sevilla que va del 14 al 17 de este mes y el encuentro de danzas \u2018Cuna Calima\u2019 en Restrepo. Estas actividades tienen el[&#8230;]<\/p>\n","protected":false},"author":1,"featured_media":5993,"comment_status":"open","ping_status":"open","sticky":false,"template":"","format":"standard","meta":{"footnotes":""},"categories":[4],"tags":[],"_links":{"self":[{"href":"https:\/\/emisora.univalle.edu.co\/index.php\/wp-json\/wp\/v2\/posts\/6012"}],"collection":[{"href":"https:\/\/emisora.univalle.edu.co\/index.php\/wp-json\/wp\/v2\/posts"}],"about":[{"href":"https:\/\/emisora.univalle.edu.co\/index.php\/wp-json\/wp\/v2\/types\/post"}],"author":[{"embeddable":true,"href":"https:\/\/emisora.univalle.edu.co\/index.php\/wp-json\/wp\/v2\/users\/1"}],"replies":[{"embeddable":true,"href":"https:\/\/emisora.univalle.edu.co\/index.php\/wp-json\/wp\/v2\/comments?post=6012"}],"version-history":[{"count":1,"href":"https:\/\/emisora.univalle.edu.co\/index.php\/wp-json\/wp\/v2\/posts\/6012\/revisions"}],"predecessor-version":[{"id":6013,"href":"https:\/\/emisora.univalle.edu.co\/index.php\/wp-json\/wp\/v2\/posts\/6012\/revisions\/6013"}],"wp:featuredmedia":[{"embeddable":true,"href":"https:\/\/emisora.univalle.edu.co\/index.php\/wp-json\/wp\/v2\/media\/5993"}],"wp:attachment":[{"href":"https:\/\/emisora.univalle.edu.co\/index.php\/wp-json\/wp\/v2\/media?parent=6012"}],"wp:term":[{"taxonomy":"category","embeddable":true,"href":"https:\/\/emisora.univalle.edu.co\/index.php\/wp-json\/wp\/v2\/categories?post=6012"},{"taxonomy":"post_tag","embeddable":true,"href":"https:\/\/emisora.univalle.edu.co\/index.php\/wp-json\/wp\/v2\/tags?post=6012"}],"curies":[{"name":"wp","href":"https:\/\/api.w.org\/{rel}","templated":true}]}}