{"id":6014,"date":"2015-08-06T15:08:20","date_gmt":"2015-08-06T20:08:20","guid":{"rendered":"https:\/\/emisora.univalle.edu.co\/\/?p=6014"},"modified":"2015-08-06T15:08:20","modified_gmt":"2015-08-06T20:08:20","slug":"madres-lactantes-de-cali-diran-que-amamantar-y-trabajar-si-es-posible-homenaje","status":"publish","type":"post","link":"https:\/\/emisora.univalle.edu.co\/index.php\/madres-lactantes-de-cali-diran-que-amamantar-y-trabajar-si-es-posible-homenaje\/","title":{"rendered":"Madres lactantes de Cali dir\u00e1n que amamantar y trabajar s\u00ed es posible; homenaje"},"content":{"rendered":"<p><span style=\"line-height: 1.5em;\">En el marco de la celebraci\u00f3n del D\u00eda Mundial de la Lactancia Materna que este a\u00f1o tiene como lema \u2018Amamantar y trabajar, logremos que sea posible\u2019, la Secretar\u00eda de Salud P\u00fablica Municipal con el apoyo del Centro Comercial Calima realizar\u00e1n un homenaje a las madres lactantes de la ciudad en el Teatrino del Centro Comercial 14 de Calima a las 10:00 a.m., este jueves 6 de agosto.<\/span><\/p>\n<p>En el desarrollo del evento, m\u00e1s de 200 mujeres\u00a0 amamantar\u00e1n simult\u00e1neamente\u00a0\u00a0 por 5 minutos con el objetivo de enviar\u00a0 un mensaje a la ciudad, el pa\u00eds y el mundo sobre la importancia de lactar durante los primeros 6 meses de edad.<\/p>\n<p>Las asistentes tambi\u00e9n podr\u00e1n disfrutar de un concierto de los ni\u00f1os que integran la Sinf\u00f3nica de Silo\u00e9, adem\u00e1s de otras actividades l\u00fadicas.<\/p>\n<p>La leche materna es el mejor alimento para el ni\u00f1o o ni\u00f1a y contribuye a reducir la tasa de mortalidad en los menores de 5 a\u00f1os. Igualmente, ayuda a prevenir el c\u00e1ncer de seno en mujeres lactantes, por eso la importancia de promover en todos los sectores esta pr\u00e1ctica de alimentaci\u00f3n en los primeros meses de vida.<\/p>\n<p>Comunicaciones, Secretar\u00eda de Salud P\u00fablica Municipal<\/p>\n","protected":false},"excerpt":{"rendered":"<p>En el marco de la celebraci\u00f3n del D\u00eda Mundial de la Lactancia Materna que este a\u00f1o tiene como lema \u2018Amamantar y trabajar, logremos que sea posible\u2019, la Secretar\u00eda de Salud P\u00fablica Municipal con el apoyo del Centro Comercial Calima realizar\u00e1n un homenaje a las madres lactantes de la ciudad en[&#8230;]<\/p>\n","protected":false},"author":1,"featured_media":5989,"comment_status":"open","ping_status":"open","sticky":false,"template":"","format":"standard","meta":{"footnotes":""},"categories":[4],"tags":[],"_links":{"self":[{"href":"https:\/\/emisora.univalle.edu.co\/index.php\/wp-json\/wp\/v2\/posts\/6014"}],"collection":[{"href":"https:\/\/emisora.univalle.edu.co\/index.php\/wp-json\/wp\/v2\/posts"}],"about":[{"href":"https:\/\/emisora.univalle.edu.co\/index.php\/wp-json\/wp\/v2\/types\/post"}],"author":[{"embeddable":true,"href":"https:\/\/emisora.univalle.edu.co\/index.php\/wp-json\/wp\/v2\/users\/1"}],"replies":[{"embeddable":true,"href":"https:\/\/emisora.univalle.edu.co\/index.php\/wp-json\/wp\/v2\/comments?post=6014"}],"version-history":[{"count":1,"href":"https:\/\/emisora.univalle.edu.co\/index.php\/wp-json\/wp\/v2\/posts\/6014\/revisions"}],"predecessor-version":[{"id":6015,"href":"https:\/\/emisora.univalle.edu.co\/index.php\/wp-json\/wp\/v2\/posts\/6014\/revisions\/6015"}],"wp:featuredmedia":[{"embeddable":true,"href":"https:\/\/emisora.univalle.edu.co\/index.php\/wp-json\/wp\/v2\/media\/5989"}],"wp:attachment":[{"href":"https:\/\/emisora.univalle.edu.co\/index.php\/wp-json\/wp\/v2\/media?parent=6014"}],"wp:term":[{"taxonomy":"category","embeddable":true,"href":"https:\/\/emisora.univalle.edu.co\/index.php\/wp-json\/wp\/v2\/categories?post=6014"},{"taxonomy":"post_tag","embeddable":true,"href":"https:\/\/emisora.univalle.edu.co\/index.php\/wp-json\/wp\/v2\/tags?post=6014"}],"curies":[{"name":"wp","href":"https:\/\/api.w.org\/{rel}","templated":true}]}}