{"id":6018,"date":"2015-08-06T15:11:01","date_gmt":"2015-08-06T20:11:01","guid":{"rendered":"https:\/\/emisora.univalle.edu.co\/\/?p=6018"},"modified":"2015-08-18T15:43:01","modified_gmt":"2015-08-18T20:43:01","slug":"encuentro-nacional-de-radios-universitarias-en-univalle","status":"publish","type":"post","link":"https:\/\/emisora.univalle.edu.co\/index.php\/encuentro-nacional-de-radios-universitarias-en-univalle\/","title":{"rendered":"XII Encuentro Nacional de Radios Universitarias en Univalle"},"content":{"rendered":"<p><span style=\"line-height: 1.5em;\">Con el lema: \u201cPaz al aire, un aire para la paz\u201d, se desarrollar\u00e1 la semana entrante, entre el 13 y 15 de agosto, en la Universidad del Valle, Campus de Mel\u00e9ndez, el <\/span><b style=\"line-height: 1.5em;\">XII Encuentro de la Red Radio Universitaria de Colombia (RRUC).<\/b><\/p>\n<p>Eliher Hern\u00e1ndez Burbano, director de Univalle Est\u00e9reo 105.3 FM, se\u00f1ala que este XII encuentro de la RRUC hace parte de las actividades desarrolladas por la Red orientadas a compartir experiencias, actualizar informaci\u00f3n y cohesionar labores.<\/p>\n<p>La agenda preparada para este Encuentro \u2013que tendr\u00e1 como anfitri\u00f3n a la Universidad del Valle\u2013 incluye jornadas acad\u00e9micas y talleres pr\u00e1cticos en los ejes tem\u00e1ticos: Di\u00e1logos de paz y postconflicto, interculturalidad y la radio y las nuevas narrativas trans-media.<\/p>\n<p>Las actividades acad\u00e9micas contar\u00e1n con la participaci\u00f3n de invitados nacionales e internacionales, al igual que delegados institucionales de los Ministerios de las Tecnolog\u00edas de la Informaci\u00f3n, las Comunicaciones y la Cultura.<\/p>\n<p>La Red de Radio Universitaria de Colombia se constituy\u00f3 en septiembre de 2003, y en la actualidad est\u00e1 conformada por 57 emisoras (9 en AM, 34 en FM y 14 Virtuales) de 40 universidades, ubicadas geogr\u00e1ficamente en 20 ciudades y 9 municipios de Colombia.<\/p>\n<p>La RRUC brinda beneficios para sus miembros y asociados en: apoyo en gesti\u00f3n ante entidades del Estado, contactos para cooperaci\u00f3n internacional, ampliaci\u00f3n de la presencia nacional a trav\u00e9s de proyectos de impacto acad\u00e9mico, cultural y social, apoyo en asuntos t\u00e9cnicos y en legislaci\u00f3n, entre otros temas.<\/p>\n<p>El encuentro coincide con el veinte aniversario de creaci\u00f3n de Univalle Est\u00e9reo, puesta al servicio de toda la comunidad universitaria, la ciudad de Cali y la regi\u00f3n desde 1995 con programaci\u00f3n variada y de alta calidad.<\/p>\n<p>Para el director , Univalle Est\u00e9reo cuenta con un transmisor de 10 kw instalado en el cerro de las Tres Cruces, lo que ha permitido ser la emisora de mayor cobertura en la regi\u00f3n, cubriendo el valle geogr\u00e1fico del r\u00edo Cauca y buena parte del norte del Cauca, y el mundo a trav\u00e9s de internet\u201d.<\/p>\n<p>Para Eliher Hern\u00e1ndez Burbano, \u201cUnivalle Est\u00e9reo se ha caracterizado por elaborar una radio de excelencia con alta generaci\u00f3n de contenido, siempre a la vanguardia y respondiendo al desaf\u00edo de la radio del futuro gracias al apoyo incondicional de la Fundaci\u00f3n Universidad del Valle\u201d.<\/p>\n<p>Destac\u00f3 igualmente el recurso humano, profesionales especializados en todas las \u00e1reas del conocimiento: \u201cContamos con coleccionistas expertos en distintos g\u00e9neros musicales y personal calificado que nos permiten desarrollar una radio las 24 horas del d\u00eda\u201d.<\/p>\n<p>Univalle Est\u00e9reo promociona e incentiva diferentes iniciativas culturales, como la audici\u00f3n musical la cual es enriquecida con informaci\u00f3n \u00fatil y orientadora.<\/p>\n<p>Docentes y profesionales de diferentes \u00e1reas, la mayor\u00eda egresados de la Universidad del Valle, producen los programas especializados de fin de semana, adelantando un proceso de cualificaci\u00f3n de sus conocimientos en la historia de la m\u00fasica.<\/p>\n<p>La experiencia de 20 a\u00f1os, incluye el liderazgo de proyectos educativos, seminarios y diplomados, la organizaci\u00f3n de eventos acad\u00e9micos, la realizaci\u00f3n y divulgaci\u00f3n de campa\u00f1as educativas, pedag\u00f3gicas, culturales, sociales, ambientales y publicitarias.<\/p>\n<p>Producto de esta labor, la emisora recibi\u00f3, en 2014, la invitaci\u00f3n de Radio Francia Internacional y de la Universidad La Sorbona de Par\u00eds (Francia) para exponer uno de sus programas galardonados en la Bienal de Radio en 2012.<\/p>\n<p>Ha obtenido, adem\u00e1s, varias distinciones entre las destacan el Primer puesto en la Novena Bienal de Radio M\u00e9xico 2012, en la categor\u00eda Programa Comunitario y\/o indigenista con el trabajo \u00ab\u00c9xodo\u00bb.<\/p>\n<p>Tambi\u00e9n el Primer puesto en el concurso Nuevo Periodismo 2007 en la categor\u00eda de radio por su trabajo: \u00abBrujas, riegos y conjuros\u00bb, otorgado por la Fundaci\u00f3n Nuevo Periodismo CEMEX (M\u00e9xico), precedida por el nobel Gabriel Garc\u00eda M\u00e1rquez.<\/p>\n<p>Eliher Hern\u00e1ndez sostuvo que Univalle Est\u00e9reo \u201cconcibe, dise\u00f1a, produce y socializa radio de contenido, con alta responsabilidad social, y en tal sentido genera y comparte conocimientos a otras emisoras universitarias, comunitarias y de inter\u00e9s p\u00fablico\u201d.<\/p>\n<p>De hecho, afirma el director de la radio universitaria, en 2014 realiz\u00f3 el Diplomado en Producci\u00f3n Radial Cultural para el Ministerio de Cultura dirigido a 36 directores y productores de emisoras de inter\u00e9s p\u00fablico.<\/p>\n<p>Para lo que resta de a\u00f1o tiene programado un nuevo diplomado dirigido a productores, directores y colaboradores de emisoras comunitarias, de inter\u00e9s p\u00fablico y centros de producci\u00f3n radial, mediante becas otorgadas por el Ministerio de Cultura.<\/p>\n<p>El profesionalismo con el cual se ha realizado la producci\u00f3n radial, a trav\u00e9s de dos d\u00e9cadas, es un aspecto clave que ha generado la credibilidad y confianza id\u00f3nea para que las entidades del Estado le conf\u00eden proyectos para ser transmitidos por la Red de Radio Universitaria de Colombia, como la Serie Radial Patrimonio Cultural de Colombia, Lenguas Nativas de Colombia y la serie \u201cUn Plan por la Ni\u00f1ez de la Fundaci\u00f3n Plan\u201d.<\/p>\n<p>Encuentre toda la informaci\u00f3n de la Red de Radio Universitaria de Colombia y del XII Encuentro en: www.radiouniversitaria.org<\/p>\n","protected":false},"excerpt":{"rendered":"<p>Con el lema: \u201cPaz al aire, un aire para la paz\u201d, se desarrollar\u00e1 la semana entrante, entre el 13 y 15 de agosto, en la Universidad del Valle, Campus de Mel\u00e9ndez, el XII Encuentro de la Red Radio Universitaria de Colombia (RRUC). Eliher Hern\u00e1ndez Burbano, director de Univalle Est\u00e9reo 105.3[&#8230;]<\/p>\n","protected":false},"author":1,"featured_media":6001,"comment_status":"open","ping_status":"open","sticky":false,"template":"","format":"standard","meta":{"footnotes":""},"categories":[4],"tags":[],"_links":{"self":[{"href":"https:\/\/emisora.univalle.edu.co\/index.php\/wp-json\/wp\/v2\/posts\/6018"}],"collection":[{"href":"https:\/\/emisora.univalle.edu.co\/index.php\/wp-json\/wp\/v2\/posts"}],"about":[{"href":"https:\/\/emisora.univalle.edu.co\/index.php\/wp-json\/wp\/v2\/types\/post"}],"author":[{"embeddable":true,"href":"https:\/\/emisora.univalle.edu.co\/index.php\/wp-json\/wp\/v2\/users\/1"}],"replies":[{"embeddable":true,"href":"https:\/\/emisora.univalle.edu.co\/index.php\/wp-json\/wp\/v2\/comments?post=6018"}],"version-history":[{"count":4,"href":"https:\/\/emisora.univalle.edu.co\/index.php\/wp-json\/wp\/v2\/posts\/6018\/revisions"}],"predecessor-version":[{"id":6031,"href":"https:\/\/emisora.univalle.edu.co\/index.php\/wp-json\/wp\/v2\/posts\/6018\/revisions\/6031"}],"wp:featuredmedia":[{"embeddable":true,"href":"https:\/\/emisora.univalle.edu.co\/index.php\/wp-json\/wp\/v2\/media\/6001"}],"wp:attachment":[{"href":"https:\/\/emisora.univalle.edu.co\/index.php\/wp-json\/wp\/v2\/media?parent=6018"}],"wp:term":[{"taxonomy":"category","embeddable":true,"href":"https:\/\/emisora.univalle.edu.co\/index.php\/wp-json\/wp\/v2\/categories?post=6018"},{"taxonomy":"post_tag","embeddable":true,"href":"https:\/\/emisora.univalle.edu.co\/index.php\/wp-json\/wp\/v2\/tags?post=6018"}],"curies":[{"name":"wp","href":"https:\/\/api.w.org\/{rel}","templated":true}]}}