{"id":6040,"date":"2015-08-10T14:46:13","date_gmt":"2015-08-10T19:46:13","guid":{"rendered":"https:\/\/emisora.univalle.edu.co\/\/?p=6040"},"modified":"2015-08-10T14:46:13","modified_gmt":"2015-08-10T19:46:13","slug":"el-pacifico-se-encuentra-con-la-universidad","status":"publish","type":"post","link":"https:\/\/emisora.univalle.edu.co\/index.php\/el-pacifico-se-encuentra-con-la-universidad\/","title":{"rendered":"El Pac\u00edfico se encuentra con la Universidad"},"content":{"rendered":"<p><span style=\"line-height: 1.5em;\">Conscientes de la oportunidad para fomentar, exaltar y promover la cultura afrodescendiente, por primera vez, el Festival de M\u00fasica del Pac\u00edfico Petronio \u00c1lvarez, realizar\u00e1 conversatorios en las universidades, Javeriana, San Buenaventura Cali, el Instituto Popular de Cultura, la Universidad Icesi y la Instituci\u00f3n Educativa Antonio Jos\u00e9 Camacho en la sede norte. \u201cMemorias de una cantadora del Pac\u00edfico Colombiano\u201d, es la conferencia que ser\u00e1 dictada en estos centros de educaci\u00f3n por la compositora, cantadora y gestora cultural, In\u00e9s Granja.<\/span><\/p>\n<p>Las tradiciones musicales del Pac\u00edfico y los procesos de composici\u00f3n, utilizando instrumentos como la marimba, entre otros aspectos, ser\u00e1n los temas de la charla.<\/p>\n<p>Por primera vez habr\u00e1 un acercamiento a los ritos, cantos y otras pr\u00e1cticas de tradici\u00f3n en las cuales la m\u00fasica ancestral tiene como protagonista los sonidos de tamboras,\u00a0 cununos y guasas.<\/p>\n<p>El profesor e investigador, Manuel Sevilla, ser\u00e1 el moderador.<\/p>\n<p>Cronograma Programaci\u00f3n pedag\u00f3gica:<\/p>\n<p>\u00b7\u00a0\u00a0\u00a0\u00a0\u00a0\u00a0 Lunes 10 de agosto<\/p>\n<p>Pontificia Universidad Javeriana Cali \u2013 11:00 a.m.<\/p>\n<p>\u00b7\u00a0\u00a0\u00a0\u00a0\u00a0\u00a0 Martes 11 de agosto<\/p>\n<p>Universidad San Buenaventura\u00a0 \u2013 11:00 a.m.<\/p>\n<p>\u00b7\u00a0\u00a0\u00a0\u00a0\u00a0\u00a0 Mi\u00e9rcoles 12 de agosto<\/p>\n<p>Instituto Popular de Cultura &#8211; 4:30 p.m.<\/p>\n<p>\u00b7\u00a0\u00a0\u00a0\u00a0\u00a0\u00a0 Jueves 13 de agosto<\/p>\n<p>Universidad Icesi &#8211;\u00a0 3:00 p.m.<\/p>\n<p>\u00b7\u00a0\u00a0\u00a0\u00a0\u00a0\u00a0 Viernes 14 de agosto<\/p>\n<p>Instituci\u00f3n Educativa Antonio Jos\u00e9 Camacho (Sede norte) 3:00 p.m.<\/p>\n<p>La conferencista, In\u00e9s Granja Herrera, en el 2014 fue invitada al Festival de la M\u00fasica y Showcase en el mercado cultural Circulart en Medell\u00edn.<\/p>\n<p>En diciembre de 2013 estuvo como invitada especial en el festival \u00abVoces de Mestres\u00bb realizado en Belo Horizonte en el Estado de Minas Gerais, donde dict\u00f3 talleres de m\u00fasica y canto tradicional, en compa\u00f1\u00eda de su marimbero Juan David Casta\u00f1o. As\u00ed mismo particip\u00f3 en conciertos con el grupo Urucum na Cara.<\/p>\n<p>Ganadora del premio de Grabaci\u00f3n de la fundaci\u00f3n Gilberto \u00c1lzate Avenda\u00f1o y Radio nacional 2013 con su tema \u00bb Pacifico\u201d.<\/p>\n<p>Particip\u00f3 en el 2013 en el festival \u00abM\u00fasicas del r\u00edo\u00bb en el marco del carnaval de Barranquilla, en este mismo a\u00f1o recibi\u00f3 un homenaje del coro \u00abCanta Bogot\u00e1\u00bb que se present\u00f3 en el teatro mayor Julio Mario santo Domingo.\u00a0\u00a0 En el 2012 estuvo nominada a mejor disco de folclor premios Shock con su primer disco solista \u00abLa voz de la marimba\u00bb.<\/p>\n<p>En noviembre del a\u00f1o 2012, realiz\u00f3 una gira por Argentina (Buenos Aires, La Plata y Mendoza) dando conciertos y talleres de m\u00fasica y danza tradicional de marimba y toc\u00f3 su m\u00fasica al lado de grandes grupos como La bomba de Tiempo, Acaseca y Hugo Fattoruso.<\/p>\n<p>En el a\u00f1o 2012 se present\u00f3 en el cierre de la noche de gala del Festival de M\u00fasica del Pacifico Petronio \u00c1lvarez, al lado del grupo \u2018La Revuelta\u2019, interpretando arreglos modernos de algunos de sus temas.<\/p>\n<p>Muchos de sus temas son considerados en el Pacifico como himnos, son tan populares que a veces pocos conocen su autor\u00eda; porque se le conocen como \u00abLa memoria de Justino\u201d.<\/p>\n<p>Ha grabado con los grupos m\u00e1s representativos de la m\u00fasica tradicional timbiquire\u00f1a como el grupo Socav\u00f3n, o el grupo Canal\u00f3n y fue directora del Grupo Santa B\u00e1rbara de Timbiqu\u00ed, con quienes obtuvo premios como mejor voz y mejor tema in\u00e9dito en el Festival Petronio \u00c1lvarez 2009\u00a0 y 2010.<\/p>\n<p>Su primer disco solista fue editado en Bogot\u00e1 en el a\u00f1o 2012, con el sello independiente \u2018La Distritof\u00f3nica\u2019 con el nombre de \u00abLa voz de la Marimba\u00bb.<\/p>\n<p>Su imagen y m\u00fasica han sido escogidos para ilustrar el fondo de im\u00e1genes del Ministerio de Cultura de Colombia, a \u00abLa marimba y cantos tradicionales del pacifico\u00bb como patrimonio inmaterial de la humanidad seg\u00fan la UNESCO.\u00a0 Ha estado en Brasil 2010 representando a Colombia en un encuentro intercultural de embajadas acompa\u00f1ada por los m\u00fasicos de Lucia Pulido.<\/p>\n<p>Fue directora de la Casa de la Cultura de Timbiqu\u00ed y ha dejado innumerables alumnos en todo el pacifico sur y en diferentes escuelas como la EMMAT en Bogot\u00e1 en donde ha dado talleres para ni\u00f1os y j\u00f3venes, divulgando y preservando su tradici\u00f3n.<\/p>\n<p>En el 2009 en el marco del Petronio comenz\u00f3 esta sociedad de In\u00e9s Granja con Juan David\u00a0 Casas. De esta manera el Festival de M\u00fasica del Pac\u00edfico \u2018Petronio \u00c1lvarez\u2019, llega a las universidades, en aras de influir en la formaci\u00f3n cultural de los futuros profesionales.<\/p>\n<p>Mayores informes:<\/p>\n<p>Secretar\u00eda Cultura y Turismo de Cali<\/p>\n<p>Tel\u00e9fono: 8858855 Ext:102<\/p>\n<p>Fuente: Comunicaciones Alcald\u00eda<\/p>\n","protected":false},"excerpt":{"rendered":"<p>Conscientes de la oportunidad para fomentar, exaltar y promover la cultura afrodescendiente, por primera vez, el Festival de M\u00fasica del Pac\u00edfico Petronio \u00c1lvarez, realizar\u00e1 conversatorios en las universidades, Javeriana, San Buenaventura Cali, el Instituto Popular de Cultura, la Universidad Icesi y la Instituci\u00f3n Educativa Antonio Jos\u00e9 Camacho en la sede[&#8230;]<\/p>\n","protected":false},"author":1,"featured_media":6038,"comment_status":"open","ping_status":"open","sticky":false,"template":"","format":"standard","meta":{"footnotes":""},"categories":[4],"tags":[],"_links":{"self":[{"href":"https:\/\/emisora.univalle.edu.co\/index.php\/wp-json\/wp\/v2\/posts\/6040"}],"collection":[{"href":"https:\/\/emisora.univalle.edu.co\/index.php\/wp-json\/wp\/v2\/posts"}],"about":[{"href":"https:\/\/emisora.univalle.edu.co\/index.php\/wp-json\/wp\/v2\/types\/post"}],"author":[{"embeddable":true,"href":"https:\/\/emisora.univalle.edu.co\/index.php\/wp-json\/wp\/v2\/users\/1"}],"replies":[{"embeddable":true,"href":"https:\/\/emisora.univalle.edu.co\/index.php\/wp-json\/wp\/v2\/comments?post=6040"}],"version-history":[{"count":1,"href":"https:\/\/emisora.univalle.edu.co\/index.php\/wp-json\/wp\/v2\/posts\/6040\/revisions"}],"predecessor-version":[{"id":6041,"href":"https:\/\/emisora.univalle.edu.co\/index.php\/wp-json\/wp\/v2\/posts\/6040\/revisions\/6041"}],"wp:featuredmedia":[{"embeddable":true,"href":"https:\/\/emisora.univalle.edu.co\/index.php\/wp-json\/wp\/v2\/media\/6038"}],"wp:attachment":[{"href":"https:\/\/emisora.univalle.edu.co\/index.php\/wp-json\/wp\/v2\/media?parent=6040"}],"wp:term":[{"taxonomy":"category","embeddable":true,"href":"https:\/\/emisora.univalle.edu.co\/index.php\/wp-json\/wp\/v2\/categories?post=6040"},{"taxonomy":"post_tag","embeddable":true,"href":"https:\/\/emisora.univalle.edu.co\/index.php\/wp-json\/wp\/v2\/tags?post=6040"}],"curies":[{"name":"wp","href":"https:\/\/api.w.org\/{rel}","templated":true}]}}