{"id":6042,"date":"2015-08-10T14:48:09","date_gmt":"2015-08-10T19:48:09","guid":{"rendered":"https:\/\/emisora.univalle.edu.co\/\/?p=6042"},"modified":"2015-08-10T14:48:09","modified_gmt":"2015-08-10T19:48:09","slug":"presidente-santos-anuncia-proyecto-de-ley-de-justicia-rapida-para-delitos-menores","status":"publish","type":"post","link":"https:\/\/emisora.univalle.edu.co\/index.php\/presidente-santos-anuncia-proyecto-de-ley-de-justicia-rapida-para-delitos-menores\/","title":{"rendered":"Presidente Santos anuncia Proyecto de Ley de Justicia R\u00e1pida para Delitos Menores"},"content":{"rendered":"<p><span style=\"line-height: 1.5em;\">El Presidente Juan Manuel Santos anunci\u00f3 este lunes la presentaci\u00f3n ante el Congreso de la Rep\u00fablica de un Proyecto de Ley de Justicia R\u00e1pida para Delitos Menores que \u2013indic\u00f3 el Mandatario\u2013, \u201cnos ayudar\u00eda much\u00edsimo en la lucha contra la inseguridad ciudadana y a favor de la tranquilidad de nuestros compatriotas\u201d.<\/span><\/p>\n<p>El Jefe de Estado se refiri\u00f3 al tema durante la posesi\u00f3n de los magistrados de las secciones primera, segunda y tercera del Consejo de Estado, Roberto Augusto Serrato Vald\u00e9s, Carmelo Dar\u00edo Perdomo Cu\u00e9ter y Guillermo S\u00e1nchez Luque, respectivamente, ceremonia que se cumpli\u00f3 en la Casa de Nari\u00f1o.<\/p>\n<p>\u201cUna de las razones por las cuales la gente se queja de la justicia, se queja del Gobierno y se queja de nuestra lucha contra la inseguridad, es por ese fen\u00f3meno o esa situaci\u00f3n que se presenta con demasiada frecuencia en donde la Polic\u00eda y la Fiscal\u00eda, muchas veces tambi\u00e9n, capturan a un ladr\u00f3n, a un delincuente, y la gente se da cuenta, mucha gente inclusive colabor\u00f3 en la captura de ese delincuente, y al cabo de alg\u00fan tiempo, muchas veces un tiempo corto, los mismos ciudadanos ven a ese mismo delincuente nuevamente delinquiendo en el mismo sitio o en un sitio cercano de donde fue capturado\u201d, explic\u00f3 el Mandatario.<\/p>\n<p>\u201cPor eso \u2013agreg\u00f3\u2013, les he pedido al se\u00f1or Ministro de Justicia y al se\u00f1or Ministro del Interior que preparen una ley que se le va a presentar al Congreso, que hemos llamado una Ley de Justicia R\u00e1pida para Delitos Menores\u201d.<\/p>\n<p>El Jefe de Estado indic\u00f3 que ese tipo de normas existen en muchos sitios. \u201cCreo que eso dar\u00eda una se\u00f1al muy positiva y les dar\u00eda a los ciudadanos, a la ciudadan\u00eda, una gran tranquilidad, una especie de justicia r\u00e1pida, justicia expr\u00e9s, para ciertos delitos menores. Eso nos ayudar\u00eda much\u00edsimo tambi\u00e9n en la lucha contra la inseguridad ciudadana y a favor de la tranquilidad de nuestros compatriotas\u201d, agreg\u00f3.<\/p>\n<p>\u201cYo le pedir\u00eda, Ministro Yesid (Reyes), que ojal\u00e1 hoy mismo, porque s\u00e9 que ya est\u00e1 lista esa ley, la presentara ante el Congreso de la Rep\u00fablica\u201d, puntualiz\u00f3 el Presidente de la Rep\u00fablica.<\/p>\n<p>Fuente: Comunicaciones Presidencia<\/p>\n","protected":false},"excerpt":{"rendered":"<p>El Presidente Juan Manuel Santos anunci\u00f3 este lunes la presentaci\u00f3n ante el Congreso de la Rep\u00fablica de un Proyecto de Ley de Justicia R\u00e1pida para Delitos Menores que \u2013indic\u00f3 el Mandatario\u2013, \u201cnos ayudar\u00eda much\u00edsimo en la lucha contra la inseguridad ciudadana y a favor de la tranquilidad de nuestros compatriotas\u201d.[&#8230;]<\/p>\n","protected":false},"author":1,"featured_media":3165,"comment_status":"open","ping_status":"open","sticky":false,"template":"","format":"standard","meta":{"footnotes":""},"categories":[4],"tags":[],"_links":{"self":[{"href":"https:\/\/emisora.univalle.edu.co\/index.php\/wp-json\/wp\/v2\/posts\/6042"}],"collection":[{"href":"https:\/\/emisora.univalle.edu.co\/index.php\/wp-json\/wp\/v2\/posts"}],"about":[{"href":"https:\/\/emisora.univalle.edu.co\/index.php\/wp-json\/wp\/v2\/types\/post"}],"author":[{"embeddable":true,"href":"https:\/\/emisora.univalle.edu.co\/index.php\/wp-json\/wp\/v2\/users\/1"}],"replies":[{"embeddable":true,"href":"https:\/\/emisora.univalle.edu.co\/index.php\/wp-json\/wp\/v2\/comments?post=6042"}],"version-history":[{"count":1,"href":"https:\/\/emisora.univalle.edu.co\/index.php\/wp-json\/wp\/v2\/posts\/6042\/revisions"}],"predecessor-version":[{"id":6043,"href":"https:\/\/emisora.univalle.edu.co\/index.php\/wp-json\/wp\/v2\/posts\/6042\/revisions\/6043"}],"wp:featuredmedia":[{"embeddable":true,"href":"https:\/\/emisora.univalle.edu.co\/index.php\/wp-json\/wp\/v2\/media\/3165"}],"wp:attachment":[{"href":"https:\/\/emisora.univalle.edu.co\/index.php\/wp-json\/wp\/v2\/media?parent=6042"}],"wp:term":[{"taxonomy":"category","embeddable":true,"href":"https:\/\/emisora.univalle.edu.co\/index.php\/wp-json\/wp\/v2\/categories?post=6042"},{"taxonomy":"post_tag","embeddable":true,"href":"https:\/\/emisora.univalle.edu.co\/index.php\/wp-json\/wp\/v2\/tags?post=6042"}],"curies":[{"name":"wp","href":"https:\/\/api.w.org\/{rel}","templated":true}]}}