{"id":6044,"date":"2015-08-10T14:51:10","date_gmt":"2015-08-10T19:51:10","guid":{"rendered":"https:\/\/emisora.univalle.edu.co\/\/?p=6044"},"modified":"2015-08-10T14:51:10","modified_gmt":"2015-08-10T19:51:10","slug":"tres-grandes-proyectos-en-jamundi-la-victoria-ytrujillo-seran-apoyados-por-agricultura-departamental","status":"publish","type":"post","link":"https:\/\/emisora.univalle.edu.co\/index.php\/tres-grandes-proyectos-en-jamundi-la-victoria-ytrujillo-seran-apoyados-por-agricultura-departamental\/","title":{"rendered":"Tres grandes proyectos en Jamund\u00ed, La Victoria yTrujillo ser\u00e1n apoyados por Agricultura Departamental"},"content":{"rendered":"<p><span style=\"line-height: 1.5em;\">El Gobierno departamental a trav\u00e9s de la secretar\u00eda de agricultura aportar\u00e1 600 millones de pesos a tres proyectos productivos en los municipios de Jamund\u00ed, La Victoria y Trujillo para el fortalecimiento del sector agr\u00edcola de la regi\u00f3n.<\/span><\/p>\n<p>\u201cYa logramos con el Incoder \u2013 Instituto Colombiano para el Desarrollo Rural, para tres grupos asociativos los recursos suficientes para apoyar un equipo de post cosecha para la exportaci\u00f3n de papaya en el municipio de La Victoria, en el municipio de Trujillo una asociaci\u00f3n de mujeres v\u00edctimas del conflicto y all\u00ed tienen una empresa denominada ECOFRUT a los cuales apoyaremos con un capital tambi\u00e9n de 200 millones de pesos y en Jamund\u00ed los recursos son para una asociaci\u00f3n de desplazados ind\u00edgenas los cuales tiene tambi\u00e9n unos proyectos productivos\u201d, manifest\u00f3 el Secretario de Agricultura, John William Alba Le\u00f3n.<\/p>\n<p>Estos recursos provienen gracias a la gesti\u00f3n de la administraci\u00f3n departamental ante el Ministerio de Agricultura Nacional, el cual siempre ha apoyado el desarrollo agr\u00edcola del Valle del Cauca.<\/p>\n<p>El funcionario a\u00f1adi\u00f3 que \u201cla idea es que en lo que queda de nuestra administraci\u00f3n podamos ejecutar estos proyectos en bien de la comunidad del Valle del Cauca, la comunidad rural. Esta gesti\u00f3n corresponde a una sinergia que existe entre los entes nacionales y el gobierno departamental\u201d.<\/p>\n<p>Fuente: Comunicaciones Gobernaci\u00f3n<\/p>\n","protected":false},"excerpt":{"rendered":"<p>El Gobierno departamental a trav\u00e9s de la secretar\u00eda de agricultura aportar\u00e1 600 millones de pesos a tres proyectos productivos en los municipios de Jamund\u00ed, La Victoria y Trujillo para el fortalecimiento del sector agr\u00edcola de la regi\u00f3n. \u201cYa logramos con el Incoder \u2013 Instituto Colombiano para el Desarrollo Rural, para[&#8230;]<\/p>\n","protected":false},"author":1,"featured_media":6039,"comment_status":"open","ping_status":"open","sticky":false,"template":"","format":"standard","meta":{"footnotes":""},"categories":[4],"tags":[],"_links":{"self":[{"href":"https:\/\/emisora.univalle.edu.co\/index.php\/wp-json\/wp\/v2\/posts\/6044"}],"collection":[{"href":"https:\/\/emisora.univalle.edu.co\/index.php\/wp-json\/wp\/v2\/posts"}],"about":[{"href":"https:\/\/emisora.univalle.edu.co\/index.php\/wp-json\/wp\/v2\/types\/post"}],"author":[{"embeddable":true,"href":"https:\/\/emisora.univalle.edu.co\/index.php\/wp-json\/wp\/v2\/users\/1"}],"replies":[{"embeddable":true,"href":"https:\/\/emisora.univalle.edu.co\/index.php\/wp-json\/wp\/v2\/comments?post=6044"}],"version-history":[{"count":1,"href":"https:\/\/emisora.univalle.edu.co\/index.php\/wp-json\/wp\/v2\/posts\/6044\/revisions"}],"predecessor-version":[{"id":6045,"href":"https:\/\/emisora.univalle.edu.co\/index.php\/wp-json\/wp\/v2\/posts\/6044\/revisions\/6045"}],"wp:featuredmedia":[{"embeddable":true,"href":"https:\/\/emisora.univalle.edu.co\/index.php\/wp-json\/wp\/v2\/media\/6039"}],"wp:attachment":[{"href":"https:\/\/emisora.univalle.edu.co\/index.php\/wp-json\/wp\/v2\/media?parent=6044"}],"wp:term":[{"taxonomy":"category","embeddable":true,"href":"https:\/\/emisora.univalle.edu.co\/index.php\/wp-json\/wp\/v2\/categories?post=6044"},{"taxonomy":"post_tag","embeddable":true,"href":"https:\/\/emisora.univalle.edu.co\/index.php\/wp-json\/wp\/v2\/tags?post=6044"}],"curies":[{"name":"wp","href":"https:\/\/api.w.org\/{rel}","templated":true}]}}