{"id":6050,"date":"2015-08-10T14:54:40","date_gmt":"2015-08-10T19:54:40","guid":{"rendered":"https:\/\/emisora.univalle.edu.co\/\/?p=6050"},"modified":"2015-08-10T14:54:40","modified_gmt":"2015-08-10T19:54:40","slug":"mamas-celebraron-al-cierre-de-la-semana-mundial-de-la-lactancia-materna","status":"publish","type":"post","link":"https:\/\/emisora.univalle.edu.co\/index.php\/mamas-celebraron-al-cierre-de-la-semana-mundial-de-la-lactancia-materna\/","title":{"rendered":"Mam\u00e1s celebraron al cierre de la Semana Mundial de la Lactancia Materna"},"content":{"rendered":"<p><span style=\"line-height: 1.5em;\">La celebraci\u00f3n de la Semana Mundial de la Lactancia Materna se desarroll\u00f3 en Santiago de Cali en medio de actividades acad\u00e9micas, sociales y l\u00fadicas, como la realizada en el Teatrino de la 14 de Calima, donde se dio clausura a esta importante semana y donde las madres lactantes pudieron disfrutar de una presentaci\u00f3n art\u00edstica y variados obsequios de empresas patrocinadoras.<\/span><\/p>\n<p>La mujeres que participaron de este evento demostraron que amantando hoy se construye la Cali saludable del ma\u00f1ana, dando continuidad al lema de la Alianza Mundial Pro Lactancia Materna-WABA 2015, que es: \u201cAmamantar y trabajar, logremos que sea posible\u201d.<\/p>\n<p>Durante la semana, se entreg\u00f3 una\u00a0 sala de lactancia materna en el Hospital Carlos Carmona de la red suroriente y en los pr\u00f3ximos meses ser\u00e1n instaladas las dem\u00e1s salas en los hospitales Ca\u00f1averalejo, Primitivo Iglesias y Joaqu\u00edn Paz Borrero, pertenecientes a las diferentes redes de salud del municipio.<\/p>\n<p>Con la creaci\u00f3n de las salas de lactancia en el municipio de Santiago de Cali, se da respuesta a la propuesta en el marco de la estrategia nacional de atenci\u00f3n integral a la primera infancia \u2018De cero a siempre\u2019 y a la promoci\u00f3n de organizaciones saludables, como invitaci\u00f3n del Ministerio de Salud.<\/p>\n<p>Esta instancia del Gobierno Nacional busca lograr entornos protectores de salud que garanticen a la madre trabajadora en periodo de lactancia, un espacio de f\u00e1cil acceso que ofrezca privacidad y comodidad, que sea c\u00e1lido, higi\u00e9nico y adecuado para extraer y conservar su leche y luego transportarla a su hogar al final de la jornada.<\/p>\n<p>Fuente: Comunicaciones Alcald\u00eda<\/p>\n","protected":false},"excerpt":{"rendered":"<p>La celebraci\u00f3n de la Semana Mundial de la Lactancia Materna se desarroll\u00f3 en Santiago de Cali en medio de actividades acad\u00e9micas, sociales y l\u00fadicas, como la realizada en el Teatrino de la 14 de Calima, donde se dio clausura a esta importante semana y donde las madres lactantes pudieron disfrutar[&#8230;]<\/p>\n","protected":false},"author":1,"featured_media":6036,"comment_status":"open","ping_status":"open","sticky":false,"template":"","format":"standard","meta":{"footnotes":""},"categories":[4],"tags":[],"_links":{"self":[{"href":"https:\/\/emisora.univalle.edu.co\/index.php\/wp-json\/wp\/v2\/posts\/6050"}],"collection":[{"href":"https:\/\/emisora.univalle.edu.co\/index.php\/wp-json\/wp\/v2\/posts"}],"about":[{"href":"https:\/\/emisora.univalle.edu.co\/index.php\/wp-json\/wp\/v2\/types\/post"}],"author":[{"embeddable":true,"href":"https:\/\/emisora.univalle.edu.co\/index.php\/wp-json\/wp\/v2\/users\/1"}],"replies":[{"embeddable":true,"href":"https:\/\/emisora.univalle.edu.co\/index.php\/wp-json\/wp\/v2\/comments?post=6050"}],"version-history":[{"count":1,"href":"https:\/\/emisora.univalle.edu.co\/index.php\/wp-json\/wp\/v2\/posts\/6050\/revisions"}],"predecessor-version":[{"id":6051,"href":"https:\/\/emisora.univalle.edu.co\/index.php\/wp-json\/wp\/v2\/posts\/6050\/revisions\/6051"}],"wp:featuredmedia":[{"embeddable":true,"href":"https:\/\/emisora.univalle.edu.co\/index.php\/wp-json\/wp\/v2\/media\/6036"}],"wp:attachment":[{"href":"https:\/\/emisora.univalle.edu.co\/index.php\/wp-json\/wp\/v2\/media?parent=6050"}],"wp:term":[{"taxonomy":"category","embeddable":true,"href":"https:\/\/emisora.univalle.edu.co\/index.php\/wp-json\/wp\/v2\/categories?post=6050"},{"taxonomy":"post_tag","embeddable":true,"href":"https:\/\/emisora.univalle.edu.co\/index.php\/wp-json\/wp\/v2\/tags?post=6050"}],"curies":[{"name":"wp","href":"https:\/\/api.w.org\/{rel}","templated":true}]}}