{"id":6052,"date":"2015-08-10T14:55:24","date_gmt":"2015-08-10T19:55:24","guid":{"rendered":"https:\/\/emisora.univalle.edu.co\/\/?p=6052"},"modified":"2015-08-10T14:55:24","modified_gmt":"2015-08-10T19:55:24","slug":"cali-se-prepara-como-sede-principal-del-mundial-de-futbol-sala-de-la-fifa-2016","status":"publish","type":"post","link":"https:\/\/emisora.univalle.edu.co\/index.php\/cali-se-prepara-como-sede-principal-del-mundial-de-futbol-sala-de-la-fifa-2016\/","title":{"rendered":"Cali se prepara como sede principal del Mundial de F\u00fatbol Sala de la FIFA 2016"},"content":{"rendered":"<p><span style=\"line-height: 1.5em;\">Con la adecuaci\u00f3n del Coliseo El Pueblo, la Alcald\u00eda de Cali, en cabeza de la Secretar\u00eda de Deporte y Recreaci\u00f3n, se alista para lo que ser\u00e1 el Mundial del F\u00fatbol Sala de la Fifa 2016.<\/span><\/p>\n<p>Las adecuaciones de este escenario deportivo van a toda marcha, con el objetivo de dejar todo listo para este mundial, que tendr\u00e1 como sede principal la capital vallecaucana.<\/p>\n<p>La secretaria de Deporte, Claudia Fernanda Rojas, asegur\u00f3 que si bien Cali tiene pendientes varios eventos deportivos por disfrutar este a\u00f1o, uno de los prop\u00f3sitos de la actual Administraci\u00f3n Municipal es dejar todo listo para el Mundial de F\u00fatbol Sala de la Fifa, que se disputar\u00e1 en septiembre del pr\u00f3ximo a\u00f1o.<\/p>\n<p>\u201cDurante los primeros d\u00edas del mes de septiembre de este a\u00f1o se har\u00e1 la presentaci\u00f3n de este gran evento deportivo, que pone\u00a0 a Cali como sede principal. Y la meta es entregar el escenario completamente adecuado el pr\u00f3ximo 30 de diciembre\u201d, cont\u00f3 la funcionaria.<\/p>\n<p>Entre las adecuaciones realizadas al Coliseo El Pueblo \u201cse encuentran el sistema de luces, el maderamen, camerinos, \u00e1reas de prensa y medios de comunicaci\u00f3n. Para ello se har\u00e1 una inversi\u00f3n cercana a los $10.000 millones\u201d, asever\u00f3 Rojas.<\/p>\n<p>La Secretaria agreg\u00f3 que la idea de dejar listo todo, es permitir que el rendimiento deportivo de la selecci\u00f3n colombiana de f\u00fatbol sala sea mayor, \u201cya que sin los escenarios listos no se puede aportar al rendimiento de los jugadores\u201d.<\/p>\n<p>Esta ser\u00e1 la octava versi\u00f3n de la Copa Mundial de F\u00fatbol Sala de la Fifa, la cual se realiza cada cuatro a\u00f1os. Y ser\u00e1n m\u00e1s de 20 selecciones las que se dar\u00e1n cita en el pa\u00eds.<\/p>\n<p>Fuente: Comunicaciones Alcald\u00eda<\/p>\n","protected":false},"excerpt":{"rendered":"<p>Con la adecuaci\u00f3n del Coliseo El Pueblo, la Alcald\u00eda de Cali, en cabeza de la Secretar\u00eda de Deporte y Recreaci\u00f3n, se alista para lo que ser\u00e1 el Mundial del F\u00fatbol Sala de la Fifa 2016. Las adecuaciones de este escenario deportivo van a toda marcha, con el objetivo de dejar[&#8230;]<\/p>\n","protected":false},"author":1,"featured_media":6034,"comment_status":"open","ping_status":"open","sticky":false,"template":"","format":"standard","meta":{"footnotes":""},"categories":[4],"tags":[],"_links":{"self":[{"href":"https:\/\/emisora.univalle.edu.co\/index.php\/wp-json\/wp\/v2\/posts\/6052"}],"collection":[{"href":"https:\/\/emisora.univalle.edu.co\/index.php\/wp-json\/wp\/v2\/posts"}],"about":[{"href":"https:\/\/emisora.univalle.edu.co\/index.php\/wp-json\/wp\/v2\/types\/post"}],"author":[{"embeddable":true,"href":"https:\/\/emisora.univalle.edu.co\/index.php\/wp-json\/wp\/v2\/users\/1"}],"replies":[{"embeddable":true,"href":"https:\/\/emisora.univalle.edu.co\/index.php\/wp-json\/wp\/v2\/comments?post=6052"}],"version-history":[{"count":1,"href":"https:\/\/emisora.univalle.edu.co\/index.php\/wp-json\/wp\/v2\/posts\/6052\/revisions"}],"predecessor-version":[{"id":6053,"href":"https:\/\/emisora.univalle.edu.co\/index.php\/wp-json\/wp\/v2\/posts\/6052\/revisions\/6053"}],"wp:featuredmedia":[{"embeddable":true,"href":"https:\/\/emisora.univalle.edu.co\/index.php\/wp-json\/wp\/v2\/media\/6034"}],"wp:attachment":[{"href":"https:\/\/emisora.univalle.edu.co\/index.php\/wp-json\/wp\/v2\/media?parent=6052"}],"wp:term":[{"taxonomy":"category","embeddable":true,"href":"https:\/\/emisora.univalle.edu.co\/index.php\/wp-json\/wp\/v2\/categories?post=6052"},{"taxonomy":"post_tag","embeddable":true,"href":"https:\/\/emisora.univalle.edu.co\/index.php\/wp-json\/wp\/v2\/tags?post=6052"}],"curies":[{"name":"wp","href":"https:\/\/api.w.org\/{rel}","templated":true}]}}