{"id":6058,"date":"2015-08-10T15:00:07","date_gmt":"2015-08-10T20:00:07","guid":{"rendered":"https:\/\/emisora.univalle.edu.co\/\/?p=6058"},"modified":"2015-08-10T15:00:07","modified_gmt":"2015-08-10T20:00:07","slug":"asi-sera-el-xix-festival-de-musica-del-pacifico-petronio-alvarez","status":"publish","type":"post","link":"https:\/\/emisora.univalle.edu.co\/index.php\/asi-sera-el-xix-festival-de-musica-del-pacifico-petronio-alvarez\/","title":{"rendered":"As\u00ed ser\u00e1 el XIX Festival de M\u00fasica del Pac\u00edfico Petronio \u00c1lvarez"},"content":{"rendered":"<p><span style=\"line-height: 1.5em;\">El Pac\u00edfico colombiano lo conforman cuatro departamentos (Valle del Cauca, Choc\u00f3, Nari\u00f1o y Cauca), con una enorme riqueza cultural, visible en el\u00a0 Festival \u201cPetronio \u00c1lvarez\u201d. Este a\u00f1o llega a su versi\u00f3n n\u00famero 19. Se realizar\u00e1 del 10 al 16 de agosto en la Unidad Deportiva Panamericana al sur de Cali.<\/span><\/p>\n<p>Cerca de 60 agrupaciones en la tarima principal, 8 grupos de danzas folcl\u00f3ricas, 15 conversatorios, 10 grupos infantiles, exposiciones, 83 stands de cocina tradicional, 60 de bebidas aut\u00f3ctonas, 40 de artesan\u00edas, 35 de moda y est\u00e9tica Afro,\u00a0 Cocina en Vivo, narraci\u00f3n oral, proyecciones audiovisuales, balsada de la Virgen de la Asunci\u00f3n,\u00a0 conforman la versi\u00f3n XIX del Festival de M\u00fasica del Pac\u00edfico Petronio \u00c1lvarez.<\/p>\n<p>Esta versi\u00f3n que rendir\u00e1 homenaje p\u00f3stumo al creador del Festival, Germ\u00e1n Pati\u00f1o Ossa, tambi\u00e9n aspira a romper el record mundial de pa\u00f1uelos blancos ondeados el d\u00eda de la final y estrena un espacio pedag\u00f3gico para la familia que se ha denominado Quilombo. En \u00e9l ni\u00f1os, j\u00f3venes y adultos mediante un paseo interactivo, conocer\u00e1n la cultura y costumbres del Pac\u00edfico, dej\u00e1ndose contagiar con su m\u00fasica, danzas, historia, costumbres y belleza.<\/p>\n<p>La Unidad Deportiva Panamericana de Cali, nuevamente acoger\u00e1 la Ciudadela Cultural Petronio \u00c1lvarez y como fortaleza del Pac\u00edfico, ense\u00f1ar\u00e1 a propios y visitantes la riqueza de una cultura milenaria resguardada por comunidades asentadas en el and\u00e9n Pac\u00edfico colombiano. En ella los visitantes podr\u00e1n disfrutar de la cocina tradicional y de las bebidas aut\u00f3ctonas que se hacen a partir de la ca\u00f1a de az\u00facar y tienen su papel protag\u00f3nico en el Festival, no solo por tener la fama de afrodisiacas sino por invitar a disfrutar pac\u00edficamente.<\/p>\n<p>La moda, la est\u00e9tica y las artesan\u00edas se convierten en el mejor souvenir que se pueda conseguir en el Petronio. Ser\u00e1n 7 d\u00edas de m\u00fasica, del 10 al 16 de agosto, de alegr\u00eda, de rendirle tributo a las melod\u00edas que ya se han abierto paso por todos los puntos cardinales de la geograf\u00eda colombiana y han traspasado las fronteras para conquistar nuevos espacios y nuevos cultores.<\/p>\n<p>El Festival de M\u00fasica del Pac\u00edfico, Petronio \u00c1lvarez, es una de las expresiones m\u00e1s amplias de inclusi\u00f3n, de multiculturalidad, de homenaje a la m\u00fasica ancestral que hunde sus ra\u00edces en el suelo africano, y que, gracias a \u00e9ste evento, estos sonidos se han vuelto universales y caminan el mundo llevando alegr\u00eda para todos.<\/p>\n<p>Datos:<\/p>\n<p>\u2022\u00a0 Fecha. Entre el 10 y el 16 de agosto<\/p>\n<p>\u2022\u00a0\u00a0\u00a0\u00a0\u00a0\u00a0\u00a0 120 mil asistentes diarios<\/p>\n<p>\u2022\u00a0\u00a0\u00a0\u00a0\u00a0\u00a0\u00a0 600 mil durante los seis d\u00edas del Festival<\/p>\n<p>\u2022\u00a0\u00a0\u00a0\u00a0\u00a0\u00a0\u00a0 83 stands de cocina tradicional del Pacifico colombiano<\/p>\n<p>\u2022\u00a0\u00a0\u00a0\u00a0\u00a0\u00a0\u00a0 60 stands de bebidas aut\u00f3ctonas, 40 de artesan\u00edas, 35 de est\u00e9tica afro<\/p>\n<p>\u2022\u00a0\u00a0\u00a0\u00a0\u00a0\u00a0\u00a0 Quilombo Germ\u00e1n Pati\u00f1o Ossa<\/p>\n<p>\u2022\u00a0\u00a0\u00a0\u00a0\u00a0\u00a0\u00a0 60 grupos musicales<\/p>\n<p>\u2022\u00a0\u00a0\u00a0\u00a0\u00a0\u00a0\u00a0 500 bailarines de danzas folcl\u00f3ricas<\/p>\n<p>\u2022\u00a0\u00a0\u00a0\u00a0\u00a0\u00a0\u00a0 650 periodistas nacionales e internacionales.<\/p>\n<p>\u2022\u00a0\u00a0\u00a0\u00a0\u00a0\u00a0\u00a0 1.400 telespectadores: Principales canales Regionales (Telepac\u00edfico, Se\u00f1al Colombia,\u00a0 Canal Uno, Streaming<\/p>\n<p>\u2022\u00a0\u00a0\u00a0\u00a0\u00a0\u00a0\u00a0 Se romper\u00e1 Record Mundial de pa\u00f1uelos blancos, la noche final<\/p>\n<p>\u2022\u00a0\u00a0\u00a0\u00a0\u00a0\u00a0\u00a0 La presente versi\u00f3n se realizar\u00e1 homenaje al creador del Festival, el historiador, antrop\u00f3logo, columnista y catedr\u00e1tico, Germ\u00e1n Pati\u00f1o Ossa; a quien se reconoce como el creador del \u201cPetronio \u00c1lvarez\u2019<\/p>\n<p>El Festival de M\u00fasica del Pac\u00edfico \u201cPetronio \u00c1lvarez\u201d en un proceso cultural que tiene como objetivo principal visibilizar, promocionar y posicionar la cultura del Pac\u00edfico colombiano. Lo realiza la Alcald\u00eda de Santiago de Cali a trav\u00e9s de la Secretar\u00eda de Cultura y Turismo.<\/p>\n<p>En \u00e9l convergen dos (2) patrimonios: las m\u00fasicas de marimba y los cantos tradicionales del Pacifico sur colombiano, declarado por la UNESCO, como Patrimonio Inmaterial de la Humanidad.<\/p>\n<p>El Festival inicia en 1997; un grupo de hombres y mujeres residentes en Cali, liderados por el Historiador\u00a0 y visionario German Pati\u00f1o, se dieron a la tarea de crear un concurso, que sirviera como excusa para abrazarse, encontrarse, compartir experiencias y dar a conocer al resto del pa\u00eds sus cantos y m\u00fasicas.<\/p>\n<p>En el concurso de m\u00fasica llegan a la final 44 agrupaciones del Pac\u00edfico Colombiano que participan en las cuatros modalidades: Violines caucanos, Conjunto de marimba, Chirim\u00eda y Versi\u00f3n Libre.<\/p>\n<p>Carlinhos Brown, invitado internacional al Petronio \u00c1lvarez<\/p>\n<p>En el Brasil todo es grande: su territorio, su selva, sus ciudades, su Cristo del Corcovado, o Cristo Redentor, sus futbolista, sus m\u00fasicos como Vinicius de Moraes; Gilberto Gil; Caetano Veloso; Djavan; Joao Gilberto; Baden Powel; Clara Nunez, Toquinho, entre otros muchos,\u00a0 que viajan por el mundo de CD en CD.<\/p>\n<p>Cuando la m\u00fasica con ra\u00edces africanas, como la Samba, la Brega, el Choro, el Forr\u00f3, la Lambada,\u00a0 ha arrullado la infancia, es dif\u00edcil liberarse de esos ritmos que son trozos de la esencia que forma parte de la vida; tal es el caso de uno de los mejores m\u00fasicos de hoy: Carlinhos Brown.<\/p>\n<p>En ese inmenso territorio, el quinto m\u00e1s grande del mundo, colonizado por portugueses, en ese pa\u00eds que realiza uno de los carnavales m\u00e1s populares \u201cdo mundo\u201d, all\u00e1 naci\u00f3 Carlinhos Brown, el m\u00fasico que ha alcanzado gran reconocimiento y popularidad. Sus cantares son aclamados por miles de personas del planeta y en los lugares en los que se presenta, quedan peque\u00f1os los escenarios para el p\u00fablico que va a verlo.<\/p>\n<p>El hombre se llama, Antonio Carlos Santos de Freitas, pero de tanto cantar y meterse en el coraz\u00f3n de la gente, de tanto aplauso de homenaje a su arte, perdi\u00f3 su nombre de bautismo y se convirti\u00f3 en Carlinhos Brown, un m\u00fasico que atrae multitudes.<\/p>\n<p>Los bi\u00f3grafos hablan que tuvo una juventud nada f\u00e1cil en la favela en la que naci\u00f3 en 1962. All\u00ed transcurri\u00f3 su infancia en un ambiente duro,\u00a0\u00a0 pero la vida, generosa, lo hizo m\u00fasico.<\/p>\n<p>Un d\u00eda cualquiera decidi\u00f3 rendir homenaje a los \u00eddolos que llenaban su esp\u00edritu y opt\u00f3 por el apellido Brown, en honor a James Brown y a Rap Brown el uno m\u00fasico y el otro un aguerrido militante de los Panteras Negras.<\/p>\n<p>Cuentan que fue, Oswaldo Alves da Silva, maestro del bong\u00f3, quien lo introdujo en el mundo de notas y pentagramas. Primero, Carlinhos,\u00a0 se enamor\u00f3 del tam tam de los tambores y luego se hizo experto en las diversas percusiones que se cruzaban en su camino. Desde esa \u00e9poca se reconoci\u00f3 su maestr\u00eda y fue aclamado como de los mejores en su arte.<\/p>\n<p>Cuando por los a\u00f1os de 1980, el reggae que ven\u00eda de Jamaica, se fue abriendo camino entre la\u00a0 Samba de su tierra y adem\u00e1s el Pop casaba matrimonio con sus ritmos aut\u00f3ctonos, Carlinhos Brown, empez\u00f3 a crear un repertorio particular, una fusi\u00f3n entre samba y pop.<\/p>\n<p>El\u00a0 primer trabajo que le hizo popular fue Vis\u00e3o do Ciclope, en 1985,\u00a0 de ah\u00ed en adelante le ir\u00eda llegando ese reconocimiento que llaman fama, la misma que le dio el premio Caymmi de la m\u00fasica.<\/p>\n<p>Posteriormente gracias a la interpretaci\u00f3n de\u00a0 Meia Lua Inteira , por Caetano Veloso, el nombre de Carlinhos Brown, se vuelve internacional.<\/p>\n<p>En 1990, se convierte en uno de los m\u00e1s solicitados percusionistas para\u00a0 acompa\u00f1ar\u00a0 a estrellas de la m\u00fasica brasile\u00f1a como Joao Gilberto, y Djavan, entre otros,\u00a0 quienes se lo llevan a sus giras internacionales.<\/p>\n<p>Tanta experiencia acumulada, tanto compartir con los grandes le estimulan a emprender su carrera en solitario y con temas que hablan de paz y respeto, en 1996 Brown, entrega al p\u00fablico un compilado de canciones que la cr\u00edtica y la gente no para\u00a0 de aplaudir.<\/p>\n<p>Due\u00f1o de un gran esp\u00edritu social y solidario y en armon\u00eda con la propuesta que hace en sus canciones,\u00a0 gran parte de su dinero ganado con la m\u00fasica, lo invierte en mejorar su favela natal.<\/p>\n<p>En 2003, crea temas tan exitosos como\u00a0 Carlinhos Brown \u00e9 Carlito Marr\u00f3n, y se vuelve un espect\u00e1culo que el mundo quiere admirar y su agenda se queda corta para atender invitaciones de todas partes del mundo.<\/p>\n<p>Como parte de la programaci\u00f3n del XIX Festival de M\u00fasica, Petronio \u00c1lvarez, Carlinhos Brown, estar\u00e1 en Cali. Es el invitado internacional el s\u00e1bado 15 de agosto en la noche.<\/p>\n<p>Ser\u00e1 un espect\u00e1culo de m\u00fasica con sonidos ancestrales, con fondo de tambores que marcan el ritmo alegre del coraz\u00f3n para celebrar la vida y con mensajes que canta, cuenta y comparte, hablando de respeto, de paz, de inclusi\u00f3n,\u00a0 uno de los grandes m\u00fasicos de este tiempo: Carlinhos Brown.<\/p>\n<p>Fuente: Comunicaciones Alcald\u00eda<\/p>\n","protected":false},"excerpt":{"rendered":"<p>El Pac\u00edfico colombiano lo conforman cuatro departamentos (Valle del Cauca, Choc\u00f3, Nari\u00f1o y Cauca), con una enorme riqueza cultural, visible en el\u00a0 Festival \u201cPetronio \u00c1lvarez\u201d. Este a\u00f1o llega a su versi\u00f3n n\u00famero 19. Se realizar\u00e1 del 10 al 16 de agosto en la Unidad Deportiva Panamericana al sur de Cali.[&#8230;]<\/p>\n","protected":false},"author":1,"featured_media":6056,"comment_status":"open","ping_status":"open","sticky":false,"template":"","format":"standard","meta":{"footnotes":""},"categories":[4],"tags":[],"_links":{"self":[{"href":"https:\/\/emisora.univalle.edu.co\/index.php\/wp-json\/wp\/v2\/posts\/6058"}],"collection":[{"href":"https:\/\/emisora.univalle.edu.co\/index.php\/wp-json\/wp\/v2\/posts"}],"about":[{"href":"https:\/\/emisora.univalle.edu.co\/index.php\/wp-json\/wp\/v2\/types\/post"}],"author":[{"embeddable":true,"href":"https:\/\/emisora.univalle.edu.co\/index.php\/wp-json\/wp\/v2\/users\/1"}],"replies":[{"embeddable":true,"href":"https:\/\/emisora.univalle.edu.co\/index.php\/wp-json\/wp\/v2\/comments?post=6058"}],"version-history":[{"count":1,"href":"https:\/\/emisora.univalle.edu.co\/index.php\/wp-json\/wp\/v2\/posts\/6058\/revisions"}],"predecessor-version":[{"id":6059,"href":"https:\/\/emisora.univalle.edu.co\/index.php\/wp-json\/wp\/v2\/posts\/6058\/revisions\/6059"}],"wp:featuredmedia":[{"embeddable":true,"href":"https:\/\/emisora.univalle.edu.co\/index.php\/wp-json\/wp\/v2\/media\/6056"}],"wp:attachment":[{"href":"https:\/\/emisora.univalle.edu.co\/index.php\/wp-json\/wp\/v2\/media?parent=6058"}],"wp:term":[{"taxonomy":"category","embeddable":true,"href":"https:\/\/emisora.univalle.edu.co\/index.php\/wp-json\/wp\/v2\/categories?post=6058"},{"taxonomy":"post_tag","embeddable":true,"href":"https:\/\/emisora.univalle.edu.co\/index.php\/wp-json\/wp\/v2\/tags?post=6058"}],"curies":[{"name":"wp","href":"https:\/\/api.w.org\/{rel}","templated":true}]}}