{"id":6065,"date":"2015-08-10T15:47:36","date_gmt":"2015-08-10T20:47:36","guid":{"rendered":"https:\/\/emisora.univalle.edu.co\/\/?p=6065"},"modified":"2015-08-18T15:45:50","modified_gmt":"2015-08-18T20:45:50","slug":"univalle-estereo-105-3-fm-20-anos-de-excelencia-radial","status":"publish","type":"post","link":"https:\/\/emisora.univalle.edu.co\/index.php\/univalle-estereo-105-3-fm-20-anos-de-excelencia-radial\/","title":{"rendered":"Univalle Est\u00e9reo 105.3 FM, 20 a\u00f1os de excelencia radial"},"content":{"rendered":"<p><span style=\"line-height: 1.5em;\">El 1 de agosto de 2015 UNIVALLE EST\u00c9REO celebra 20 a\u00f1os de producci\u00f3n radial, puesta al servicio de la comunidad universitaria, la ciudad de Cali y la regi\u00f3n. La programaci\u00f3n de alta calidad durante dos d\u00e9cadas, ha posibilitado la construcci\u00f3n, desarrollo y fortalecimiento de la sociedad en general. Incentivando el debate argumentado, la informaci\u00f3n libre, veraz y transparente.<\/span><\/p>\n<p>Nuestra emisora transmite en la frecuencia 105.3 del FM desde el campus de la Universidad del Valle, Sede Mel\u00e9ndez en Santiago de Cali. Cuenta con un transmisor de 10 kilovatios instalado en el cerro de las Tres Cruces, lo cual nos ha permitido ser la emisora de mayor cobertura, cubriendo f\u00e1cilmente el valle geogr\u00e1fico del Rio Cauca y buena parte del Norte del Cauca. Los oyentes del mundo la pueden sintonizar a trav\u00e9s de Internet y ahora pueden descargar nuestra App en su celular o Tablet.<\/p>\n<p>Univalle Est\u00e9reo se ha caracterizado por elaborar una radio de excelencia con alta generaci\u00f3n de contenido, siempre a la vanguardia respondiendo al desaf\u00edo de la radio del futuro, gracias al apoyo incondicional de la Fundaci\u00f3n Universidad del Valle y de nuestra Alma Mater. De igual manera, contando con el concurso del mejor equipo de productores de la radio, profesionales especializados en todas las \u00e1reas del conocimiento. Adem\u00e1s de coleccionistas expertos en distintos g\u00e9neros musicales y personal calificado, nos permite desarrollar una programaci\u00f3n en forma permanente durante las 24 horas.<\/p>\n<p>Univalle Est\u00e9reo es consciente que los oyentes desean una programaci\u00f3n musical con la misma profundidad que caracteriza a los espacios informativos. Por tanto, promociona e incentiva diferentes iniciativas culturales, como la audici\u00f3n musical la cual es enriquecida con informaci\u00f3n \u00fatil y orientadora. Docentes y profesionales de diferentes \u00e1reas, la mayor\u00eda egresados de la Universidad del Valle, producen los programas especializados de fin de semana, adelantando un proceso de cualificaci\u00f3n de sus conocimientos en la historia de la m\u00fasica.<\/p>\n<p>La experiencia de 20 a\u00f1os, incluye el liderazgo de proyectos educativos, seminarios y diplomados, la organizaci\u00f3n de eventos acad\u00e9micos, la realizaci\u00f3n y divulgaci\u00f3n de campa\u00f1as educativas, pedag\u00f3gicas, culturales, sociales, ambientales y publicitarias. Producto de esta labor, la emisora recibi\u00f3 en el a\u00f1o 2014 la invitaci\u00f3n de Radio Francia Internacional y de la Universidad La Sorbona de Par\u00eds, Francia para exponer uno de sus programas galardonados en la Bienal de Radio en el a\u00f1o 2012. Ha obtenido adem\u00e1s, varias distinciones entre las cuales figuran las siguientes:<\/p>\n<p>\u2022\u00a0\u00a0\u00a0\u00a0\u00a0\u00a0\u00a0\u00a0\u00a0\u00a0 Primer puesto Novena Bienal de Radio en M\u00e9xico 2012 en la categor\u00eda<\/p>\n<p>Programa Comunitario y\/o indigenista con el trabajo \u201c\u00c9xodo\u201d.<\/p>\n<p>\u2022\u00a0\u00a0\u00a0\u00a0\u00a0\u00a0\u00a0\u00a0\u00a0\u00a0 Primer puesto entregado por el C\u00edrculo de periodistas de M\u00e9xico como mejor trabajo Universitario en el 2011.<\/p>\n<p>\u2022\u00a0\u00a0\u00a0\u00a0\u00a0\u00a0\u00a0\u00a0\u00a0\u00a0 Primer puesto premio Nuevo Periodismo 2007 en la categor\u00eda de radio por su trabajo \u201cBrujas riegos y conjuros\u201d otorgado por la Fundaci\u00f3n Nuevo Periodismo CEMEX en M\u00e9xico precedida por Gabriel Garc\u00eda M\u00e1rquez.<\/p>\n<p>\u2022\u00a0\u00a0\u00a0\u00a0\u00a0\u00a0\u00a0\u00a0\u00a0\u00a0 Menci\u00f3n de Honor Premio Innovatio: programa radial Silvio voltio-Puente nuevo (Espa\u00f1a) 2004 Otorgado en Espa\u00f1a 2004<\/p>\n<p>\u2022\u00a0\u00a0\u00a0\u00a0\u00a0\u00a0\u00a0\u00a0\u00a0\u00a0 6 Premios Regionales de periodismo Alfonso Bonilla Arag\u00f3n<\/p>\n<p>\u2022\u00a0\u00a0\u00a0\u00a0\u00a0\u00a0\u00a0\u00a0\u00a0\u00a0 Premio Ra\u00fal Echavarr\u00eda Barrientos Programa Cicloamigos.<\/p>\n<p>\u2022\u00a0\u00a0\u00a0\u00a0\u00a0\u00a0\u00a0\u00a0\u00a0\u00a0 Menci\u00f3n de Honor en la categor\u00eda de radio Premio de Periodismo Mario Ceballos Araujo Universidad Aut\u00f3noma del Caribe 2011.<\/p>\n<p>UNIVALLE EST\u00c9REO, concibe, dise\u00f1a, produce y socializa radio de contenido, con alta responsabilidad social. En tal sentido, genera y comparte conocimientos a otras emisoras universitarias, comunitarias y de inter\u00e9s p\u00fablico. En 2014 realiz\u00f3 el Diplomado en Producci\u00f3n Radial Cultural para el Ministerio de Cultura dirigido a 36 directores y productores de emisoras de inter\u00e9s p\u00fablico. En el transcurso de 2015, realizar\u00e1 un nuevo diplomado para productores, directores y colaboradores de emisoras comunitarias, de inter\u00e9s p\u00fablico y centros de producci\u00f3n radial, mediante becas otorgadas por el Ministerio de Cultura.<\/p>\n<p>El profesionalismo con el cual se ha realizado la producci\u00f3n radial, a trav\u00e9s de dos d\u00e9cadas, es un aspecto clave que ha generado la credibilidad y confianza id\u00f3nea para que las entidades del Estado le conf\u00eden proyectos para ser transmitidos por la Red de Radio Universitaria de Colombia, como la Serie Radial Patrimonio cultural de Colombia, Lenguas Nativas de Colombia y la serie Un Plan por la Ni\u00f1ez de la Fundaci\u00f3n Plan.<\/p>\n<p>En el marco de los 20 a\u00f1os de la emisora Univalle Est\u00e9reo, se efectuar\u00e1 el XII Encuentro de la Red de Radio Universitaria de Colombia, los d\u00edas 13,14 y 15 de agosto de 2015, evento el cual contar\u00e1 con m\u00e1s de 45 directores de la RRUC.<\/p>\n<p>Univalle Est\u00e9reo, continuar\u00e1 con su labor de excelencia en la radio Universitaria, de Cali, Colombia para el mundo.<\/p>\n<p>&nbsp;<\/p>\n","protected":false},"excerpt":{"rendered":"<p>El 1 de agosto de 2015 UNIVALLE EST\u00c9REO celebra 20 a\u00f1os de producci\u00f3n radial, puesta al servicio de la comunidad universitaria, la ciudad de Cali y la regi\u00f3n. La programaci\u00f3n de alta calidad durante dos d\u00e9cadas, ha posibilitado la construcci\u00f3n, desarrollo y fortalecimiento de la sociedad en general. Incentivando el[&#8230;]<\/p>\n","protected":false},"author":1,"featured_media":6068,"comment_status":"open","ping_status":"open","sticky":false,"template":"","format":"standard","meta":{"footnotes":""},"categories":[4],"tags":[],"_links":{"self":[{"href":"https:\/\/emisora.univalle.edu.co\/index.php\/wp-json\/wp\/v2\/posts\/6065"}],"collection":[{"href":"https:\/\/emisora.univalle.edu.co\/index.php\/wp-json\/wp\/v2\/posts"}],"about":[{"href":"https:\/\/emisora.univalle.edu.co\/index.php\/wp-json\/wp\/v2\/types\/post"}],"author":[{"embeddable":true,"href":"https:\/\/emisora.univalle.edu.co\/index.php\/wp-json\/wp\/v2\/users\/1"}],"replies":[{"embeddable":true,"href":"https:\/\/emisora.univalle.edu.co\/index.php\/wp-json\/wp\/v2\/comments?post=6065"}],"version-history":[{"count":1,"href":"https:\/\/emisora.univalle.edu.co\/index.php\/wp-json\/wp\/v2\/posts\/6065\/revisions"}],"predecessor-version":[{"id":6067,"href":"https:\/\/emisora.univalle.edu.co\/index.php\/wp-json\/wp\/v2\/posts\/6065\/revisions\/6067"}],"wp:featuredmedia":[{"embeddable":true,"href":"https:\/\/emisora.univalle.edu.co\/index.php\/wp-json\/wp\/v2\/media\/6068"}],"wp:attachment":[{"href":"https:\/\/emisora.univalle.edu.co\/index.php\/wp-json\/wp\/v2\/media?parent=6065"}],"wp:term":[{"taxonomy":"category","embeddable":true,"href":"https:\/\/emisora.univalle.edu.co\/index.php\/wp-json\/wp\/v2\/categories?post=6065"},{"taxonomy":"post_tag","embeddable":true,"href":"https:\/\/emisora.univalle.edu.co\/index.php\/wp-json\/wp\/v2\/tags?post=6065"}],"curies":[{"name":"wp","href":"https:\/\/api.w.org\/{rel}","templated":true}]}}