{"id":6071,"date":"2015-08-10T16:08:25","date_gmt":"2015-08-10T21:08:25","guid":{"rendered":"https:\/\/emisora.univalle.edu.co\/\/?p=6071"},"modified":"2015-08-10T16:08:25","modified_gmt":"2015-08-10T21:08:25","slug":"cerrado-el-puente-de-la-carrera-8-con-calle-70-hasta-el-17-de-agosto","status":"publish","type":"post","link":"https:\/\/emisora.univalle.edu.co\/index.php\/cerrado-el-puente-de-la-carrera-8-con-calle-70-hasta-el-17-de-agosto\/","title":{"rendered":"Cerrado el puente de la carrera 8 con calle 70 hasta el 17 de agosto"},"content":{"rendered":"<p><span style=\"line-height: 1.5em;\">Hasta el 17 de este mes, estar\u00e1 cerrado el puente de la carrera 8 con calle 70 por 7 d\u00edas. As\u00ed lo confirm\u00f3 el secretario de Infraestructura y Valorizaci\u00f3n, \u00d3mar Jes\u00fas Cantillo, luego del an\u00e1lisis que realiz\u00f3 Conalv\u00edas, empresa que realiz\u00f3 el puente vehicular.<\/span><\/p>\n<p>El ingeniero Gabriel Valencia gerente, de Conalv\u00edas, informa que se van a intervenir dos franjas de estribo a estribo en ambos puentes, para evitar cualquier contratiempo a futuro. El da\u00f1o fue puntual, pero se va atender de manera preventiva para garantizar que no ocurra de nuevo, manifest\u00f3 Valencia.<\/p>\n<p>Luego de la evaluaci\u00f3n minuciosa en d\u00edas anteriores, se observ\u00f3 que hay unas losetas fisuradas en diferentes lugares, ocasionado por un tubo de conducci\u00f3n el\u00e9ctrica que aparentemente no fue instalado t\u00e9cnicamente y de buena forma en la losa maciza, inform\u00f3 Cantillo.<\/p>\n<p>Entre las recomendaciones dadas, se concluye que es mejor fundir de nuevo las dos franjas de cada puente, que tienen una longitud aproximada a los 108 m de longitud, en cada sentido del puente.<\/p>\n<p>A partir de este lunes a las 8 p.m., el puente vehicular estar\u00e1 cerrado hasta el pr\u00f3ximo 17 de agosto, trabajos que permitir\u00e1n arreglar ambos sentidos del puente.<\/p>\n<p>Los da\u00f1os que fueron ocasionados por el tubo de electricidad no repercuten en ning\u00fan da\u00f1o estructural del puente.<\/p>\n<p>Fuente: Comunicaciones Alcald\u00eda<\/p>\n","protected":false},"excerpt":{"rendered":"<p>Hasta el 17 de este mes, estar\u00e1 cerrado el puente de la carrera 8 con calle 70 por 7 d\u00edas. As\u00ed lo confirm\u00f3 el secretario de Infraestructura y Valorizaci\u00f3n, \u00d3mar Jes\u00fas Cantillo, luego del an\u00e1lisis que realiz\u00f3 Conalv\u00edas, empresa que realiz\u00f3 el puente vehicular. El ingeniero Gabriel Valencia gerente, de[&#8230;]<\/p>\n","protected":false},"author":1,"featured_media":6070,"comment_status":"open","ping_status":"open","sticky":false,"template":"","format":"standard","meta":{"footnotes":""},"categories":[4],"tags":[],"_links":{"self":[{"href":"https:\/\/emisora.univalle.edu.co\/index.php\/wp-json\/wp\/v2\/posts\/6071"}],"collection":[{"href":"https:\/\/emisora.univalle.edu.co\/index.php\/wp-json\/wp\/v2\/posts"}],"about":[{"href":"https:\/\/emisora.univalle.edu.co\/index.php\/wp-json\/wp\/v2\/types\/post"}],"author":[{"embeddable":true,"href":"https:\/\/emisora.univalle.edu.co\/index.php\/wp-json\/wp\/v2\/users\/1"}],"replies":[{"embeddable":true,"href":"https:\/\/emisora.univalle.edu.co\/index.php\/wp-json\/wp\/v2\/comments?post=6071"}],"version-history":[{"count":1,"href":"https:\/\/emisora.univalle.edu.co\/index.php\/wp-json\/wp\/v2\/posts\/6071\/revisions"}],"predecessor-version":[{"id":6072,"href":"https:\/\/emisora.univalle.edu.co\/index.php\/wp-json\/wp\/v2\/posts\/6071\/revisions\/6072"}],"wp:featuredmedia":[{"embeddable":true,"href":"https:\/\/emisora.univalle.edu.co\/index.php\/wp-json\/wp\/v2\/media\/6070"}],"wp:attachment":[{"href":"https:\/\/emisora.univalle.edu.co\/index.php\/wp-json\/wp\/v2\/media?parent=6071"}],"wp:term":[{"taxonomy":"category","embeddable":true,"href":"https:\/\/emisora.univalle.edu.co\/index.php\/wp-json\/wp\/v2\/categories?post=6071"},{"taxonomy":"post_tag","embeddable":true,"href":"https:\/\/emisora.univalle.edu.co\/index.php\/wp-json\/wp\/v2\/tags?post=6071"}],"curies":[{"name":"wp","href":"https:\/\/api.w.org\/{rel}","templated":true}]}}