{"id":6084,"date":"2015-08-11T15:31:53","date_gmt":"2015-08-11T20:31:53","guid":{"rendered":"https:\/\/emisora.univalle.edu.co\/\/?p=6084"},"modified":"2015-08-11T15:31:53","modified_gmt":"2015-08-11T20:31:53","slug":"comision-interamericana-de-derechos-humanos-visito-gobierno-del-valle","status":"publish","type":"post","link":"https:\/\/emisora.univalle.edu.co\/index.php\/comision-interamericana-de-derechos-humanos-visito-gobierno-del-valle\/","title":{"rendered":"Comisi\u00f3n Interamericana de Derechos Humanos visit\u00f3 Gobierno del Valle"},"content":{"rendered":"<p><span style=\"line-height: 1.5em;\">El Gobierno del Valle del Cauca a trav\u00e9s de las secretar\u00edas de Asuntos \u00c9tnicos, Desarrollo y Participaci\u00f3n Social y Alta Consejer\u00eda para la Paz, socializ\u00f3 los avances en pol\u00edticas p\u00fablicas y expuso los proyectos que se han venido ejecutando en pro de la poblaci\u00f3n m\u00e1s vulnerada de la regi\u00f3n. Esta reuni\u00f3n se llev\u00f3 a cabo en el marco de la visita a Colombia de la Presidenta de la Comisi\u00f3n Interamericana de Derechos Humanos Rose-Marie Belle Antoine.<\/span><\/p>\n<p>El secretario de Asuntos \u00c9tnicos del Valle del Cauca, Alexander Rojas Renter\u00eda manifest\u00f3 que \u201cesta es una oportunidad que tenemos para exponer todos los avances que hemos tenido beneficiando al sector social y en especial el afro descendiente de nuestro departamento. Esta reuni\u00f3n ha sido fruct\u00edfera porque con varios secretarios de despacho departamental, mostramos el cumplimiento de las normas y el fortalecimiento del sector cultural y social de nuestro Valle del Cauca\u201d.<\/p>\n<p>\u201cAdem\u00e1s de reunirnos, manifestamos tambi\u00e9n algunos sectores que faltan por fortalecerse en el departamento, no obstante es una oportunidad grande contar con la visita de la Presidenta de la comisi\u00f3n para que a trav\u00e9s de ella, muchas organizaciones se enteren del continuo trabajo que hacemos en el departamento para beneficiar toda la poblaci\u00f3n\u201d, dijo Fabio Cardozo Montealegre, Alto Consejero para la Paz de la administraci\u00f3n departamental.<\/p>\n<p>Ledis Torres Copete, secretaria de Gobierno del Distrito de Buenaventura, expres\u00f3 tambi\u00e9n su agradecimiento a la Presidenta de la comisi\u00f3n por visitar el departamento y dijo que \u201cen Buenaventura se ha venido fortaleciendo el sector productivo donde trabajamos en conjunto con el departamento y la naci\u00f3n para seguir disminuyendo la violencia y dem\u00e1s problemas sociales que afectan el resto de la poblaci\u00f3n\u201d.<\/p>\n<p>A la Presidenta Rose-Marie Belle Antoine, se le hizo entrega de varios obsequios del Valle del Cauca y firm\u00f3 el libro de visitantes ilustres de la administraci\u00f3n departamental.<\/p>\n<p>Fuente: Comunicaciones Gobernaci\u00f3n<\/p>\n","protected":false},"excerpt":{"rendered":"<p>El Gobierno del Valle del Cauca a trav\u00e9s de las secretar\u00edas de Asuntos \u00c9tnicos, Desarrollo y Participaci\u00f3n Social y Alta Consejer\u00eda para la Paz, socializ\u00f3 los avances en pol\u00edticas p\u00fablicas y expuso los proyectos que se han venido ejecutando en pro de la poblaci\u00f3n m\u00e1s vulnerada de la regi\u00f3n. Esta[&#8230;]<\/p>\n","protected":false},"author":1,"featured_media":6081,"comment_status":"open","ping_status":"open","sticky":false,"template":"","format":"standard","meta":{"footnotes":""},"categories":[4],"tags":[],"_links":{"self":[{"href":"https:\/\/emisora.univalle.edu.co\/index.php\/wp-json\/wp\/v2\/posts\/6084"}],"collection":[{"href":"https:\/\/emisora.univalle.edu.co\/index.php\/wp-json\/wp\/v2\/posts"}],"about":[{"href":"https:\/\/emisora.univalle.edu.co\/index.php\/wp-json\/wp\/v2\/types\/post"}],"author":[{"embeddable":true,"href":"https:\/\/emisora.univalle.edu.co\/index.php\/wp-json\/wp\/v2\/users\/1"}],"replies":[{"embeddable":true,"href":"https:\/\/emisora.univalle.edu.co\/index.php\/wp-json\/wp\/v2\/comments?post=6084"}],"version-history":[{"count":1,"href":"https:\/\/emisora.univalle.edu.co\/index.php\/wp-json\/wp\/v2\/posts\/6084\/revisions"}],"predecessor-version":[{"id":6085,"href":"https:\/\/emisora.univalle.edu.co\/index.php\/wp-json\/wp\/v2\/posts\/6084\/revisions\/6085"}],"wp:featuredmedia":[{"embeddable":true,"href":"https:\/\/emisora.univalle.edu.co\/index.php\/wp-json\/wp\/v2\/media\/6081"}],"wp:attachment":[{"href":"https:\/\/emisora.univalle.edu.co\/index.php\/wp-json\/wp\/v2\/media?parent=6084"}],"wp:term":[{"taxonomy":"category","embeddable":true,"href":"https:\/\/emisora.univalle.edu.co\/index.php\/wp-json\/wp\/v2\/categories?post=6084"},{"taxonomy":"post_tag","embeddable":true,"href":"https:\/\/emisora.univalle.edu.co\/index.php\/wp-json\/wp\/v2\/tags?post=6084"}],"curies":[{"name":"wp","href":"https:\/\/api.w.org\/{rel}","templated":true}]}}