{"id":6086,"date":"2015-08-11T15:33:14","date_gmt":"2015-08-11T20:33:14","guid":{"rendered":"https:\/\/emisora.univalle.edu.co\/\/?p=6086"},"modified":"2015-08-11T15:33:14","modified_gmt":"2015-08-11T20:33:14","slug":"alcalde-descarta-racionamiento-de-agua-intenso-verano-obliga-ahorrarla","status":"publish","type":"post","link":"https:\/\/emisora.univalle.edu.co\/index.php\/alcalde-descarta-racionamiento-de-agua-intenso-verano-obliga-ahorrarla\/","title":{"rendered":"Alcalde descarta racionamiento de agua; intenso verano obliga a ahorrarla"},"content":{"rendered":"<p><span style=\"line-height: 1.5em;\">Descartando por ahora que se tenga que recurrir a un racionamiento del agua y anunciando que en dos meses Cali tendr\u00e1 seis nuevos pozos profundos, el alcalde de Cali, Rodrigo Guerrero Velasco, hizo un llamado para que los cale\u00f1os apliquen peque\u00f1as recomendaciones caseras que contribuyan a ahorrar el l\u00edquido y evitar as\u00ed medidas dr\u00e1sticas.<\/span><\/p>\n<p>Respecto a los pozos profundos, que permitir\u00e1n tener m\u00e1s agua, explic\u00f3 que \u201ccon ellos se pueden surtir el oriente de Cali y lo que se capte del r\u00edo Cauca se espera poderlo bombear a la parte alta de la ciudad y as\u00ed fraguar cualquier escasez\u201d.<\/p>\n<p>Sobre los consejos para ahorrar, precis\u00f3 que hay maneraa muy sencillas de darle un buen uso al preciado l\u00edquido.<\/p>\n<p>\u201cCerrar la llave mientras se usa, no colocar un plato sucio encima de otro sucio para que se laven m\u00e1s f\u00e1cil (porque ensucia m\u00e1s), no hacer duchas largas, no lavar carros, ni usar mangueras, son aportes valios\u00edsimos que podemos hacer los cale\u00f1os para ahorrar agua\u201d, precis\u00f3 el alcalde cale\u00f1o.<\/p>\n<p>Seg\u00fan el mandatario, Cali tiene la bendici\u00f3n de contar con el r\u00edo Cauca que es su afluente principal; adem\u00e1s, tiene seis r\u00edos que si bien en la \u00e9poca de verano disminuyen su caudal, son esenciales para contar con el preciado l\u00edquido\u201d.<\/p>\n<p>\u201cEsto no significa que podamos estar tranquilos, tenemos que conservar agua y hacer lo elemental para no desperdiciar\u201d, recalc\u00f3 Guerrero Velasco.<\/p>\n<p>Seg\u00fan el Alcalde, tambi\u00e9n se han recibido quejas de supuestos desperdicios por da\u00f1os en algunos sitios, pero aclar\u00f3 que se est\u00e1n atendiendo oportunamente y no es que haya m\u00e1s da\u00f1os sino que \u201cla gente est\u00e1 m\u00e1s sensible y nosotros estamos procurando responder lo m\u00e1s r\u00e1pido posible. El intenso verano tambi\u00e9n ha da\u00f1ado las tuber\u00edas de asbesto y se est\u00e1n reemplazado\u201d, a\u00f1adi\u00f3.<\/p>\n<p>Enfatiz\u00f3 que no se prev\u00e9 hacer racionamiento general. \u201cTenemos racionamiento en la comuna 18 y 20 que se est\u00e1n surtiendo d\u00eda de por medio. Hay dos tanques, el de Silo\u00e9 y el de m\u00e1s arriba\u201d, precis\u00f3.<\/p>\n<p>El alcalde Guerrero concluy\u00f3 que los pron\u00f3sticos meteorol\u00f3gicos especifican que el fen\u00f3meno del Ni\u00f1o\u00a0 es muy suave en esta zona del pa\u00eds.<\/p>\n<p>\u201cHace poco tuvimos una gran tormenta, el fin de semana llovi\u00f3 y para que no tengamos problemas necesitamos una lluvia a la semana. Aqu\u00ed no ha sido fuerte y en las cabeceras s\u00ed ha llovido, esto no quiere decir que nos est\u00e9 sobrando agua, pero s\u00ed que las afuj\u00edas podr\u00edan ser menores\u201d, puntualiz\u00f3.<\/p>\n<p>Fuente: Comunicaciones Alcald\u00eda<\/p>\n","protected":false},"excerpt":{"rendered":"<p>Descartando por ahora que se tenga que recurrir a un racionamiento del agua y anunciando que en dos meses Cali tendr\u00e1 seis nuevos pozos profundos, el alcalde de Cali, Rodrigo Guerrero Velasco, hizo un llamado para que los cale\u00f1os apliquen peque\u00f1as recomendaciones caseras que contribuyan a ahorrar el l\u00edquido y[&#8230;]<\/p>\n","protected":false},"author":1,"featured_media":6079,"comment_status":"open","ping_status":"open","sticky":false,"template":"","format":"standard","meta":{"footnotes":""},"categories":[4],"tags":[],"_links":{"self":[{"href":"https:\/\/emisora.univalle.edu.co\/index.php\/wp-json\/wp\/v2\/posts\/6086"}],"collection":[{"href":"https:\/\/emisora.univalle.edu.co\/index.php\/wp-json\/wp\/v2\/posts"}],"about":[{"href":"https:\/\/emisora.univalle.edu.co\/index.php\/wp-json\/wp\/v2\/types\/post"}],"author":[{"embeddable":true,"href":"https:\/\/emisora.univalle.edu.co\/index.php\/wp-json\/wp\/v2\/users\/1"}],"replies":[{"embeddable":true,"href":"https:\/\/emisora.univalle.edu.co\/index.php\/wp-json\/wp\/v2\/comments?post=6086"}],"version-history":[{"count":1,"href":"https:\/\/emisora.univalle.edu.co\/index.php\/wp-json\/wp\/v2\/posts\/6086\/revisions"}],"predecessor-version":[{"id":6087,"href":"https:\/\/emisora.univalle.edu.co\/index.php\/wp-json\/wp\/v2\/posts\/6086\/revisions\/6087"}],"wp:featuredmedia":[{"embeddable":true,"href":"https:\/\/emisora.univalle.edu.co\/index.php\/wp-json\/wp\/v2\/media\/6079"}],"wp:attachment":[{"href":"https:\/\/emisora.univalle.edu.co\/index.php\/wp-json\/wp\/v2\/media?parent=6086"}],"wp:term":[{"taxonomy":"category","embeddable":true,"href":"https:\/\/emisora.univalle.edu.co\/index.php\/wp-json\/wp\/v2\/categories?post=6086"},{"taxonomy":"post_tag","embeddable":true,"href":"https:\/\/emisora.univalle.edu.co\/index.php\/wp-json\/wp\/v2\/tags?post=6086"}],"curies":[{"name":"wp","href":"https:\/\/api.w.org\/{rel}","templated":true}]}}