{"id":6088,"date":"2015-08-11T15:34:28","date_gmt":"2015-08-11T20:34:28","guid":{"rendered":"https:\/\/emisora.univalle.edu.co\/\/?p=6088"},"modified":"2015-08-11T15:34:28","modified_gmt":"2015-08-11T20:34:28","slug":"21-de-agosto-vence-plazo-para-acceder-al-fondo-especial-de-creditos-educativos-para-la-poblacion-afro-vallecaucana","status":"publish","type":"post","link":"https:\/\/emisora.univalle.edu.co\/index.php\/21-de-agosto-vence-plazo-para-acceder-al-fondo-especial-de-creditos-educativos-para-la-poblacion-afro-vallecaucana\/","title":{"rendered":"21 de agosto vence plazo para acceder al fondo especial de cr\u00e9ditos educativos para la poblaci\u00f3n afro vallecaucana"},"content":{"rendered":"<p><span style=\"line-height: 1.5em;\">Hasta el viernes 21 de agosto estar\u00e1n abiertas las inscripciones para acceder al fondo especial de cr\u00e9ditos educativos para las comunidades negras del departamento por ello la gobernaci\u00f3n del Valle del Cauca a trav\u00e9s de la Secretar\u00eda de Asuntos \u00c9tnicos hace extensiva est\u00e1 invitaci\u00f3n a la comunidad afrovallecaucana.<\/span><\/p>\n<p>El secretario de Asuntos \u00c9tnicos del Valle del Cauca, Alexander Rojas Renter\u00eda dijo que es importante que los vallecaucanos se acerquen a la oficina de Asuntos \u00c9tnicos del departamento para que puedan ser asesorados de c\u00f3mo acceder a esta financiaci\u00f3n y que no se pierdan los cupos como ha pasado anteriormente.<\/p>\n<p>\u201cLos interesados tambi\u00e9n puede acceder a la p\u00e1gina WWW.icetex.gov.co y enterarse de todos los detalles para realizar la respectiva inscripci\u00f3n y puedan iniciar su camino a la superaci\u00f3n a trav\u00e9s del estudio, garantizando el derecho a la igualdad y mejorando su calidad de vida\u201d, asever\u00f3 el funcionario.<\/p>\n<p>El director T\u00e9cnico de la Secretaria de Asuntos \u00c9tnicos del Valle Carlos Perea dijo que a estos cr\u00e9ditos condonables podr\u00e1n acceder los estudiantes de las comunidades negras que est\u00e9n inscritos, admitidos o adelantando estudios en una instituci\u00f3n de educaci\u00f3n superior y que el cr\u00e9dito cubre la matricula adem\u00e1s del sostenimiento.<\/p>\n<p>A trav\u00e9s del Fondo Especial de Cr\u00e9ditos Educativos se facilita el acceso de estudiantes de la poblaci\u00f3n afro a la educaci\u00f3n superior, garantizando el derecho a la igualdad y brindando oportunidades reales de superaci\u00f3n.<\/p>\n<p>Fuente: Comunicaciones Gobernaci\u00f3n<\/p>\n","protected":false},"excerpt":{"rendered":"<p>Hasta el viernes 21 de agosto estar\u00e1n abiertas las inscripciones para acceder al fondo especial de cr\u00e9ditos educativos para las comunidades negras del departamento por ello la gobernaci\u00f3n del Valle del Cauca a trav\u00e9s de la Secretar\u00eda de Asuntos \u00c9tnicos hace extensiva est\u00e1 invitaci\u00f3n a la comunidad afrovallecaucana. El secretario[&#8230;]<\/p>\n","protected":false},"author":1,"featured_media":6078,"comment_status":"open","ping_status":"open","sticky":false,"template":"","format":"standard","meta":{"footnotes":""},"categories":[4],"tags":[],"_links":{"self":[{"href":"https:\/\/emisora.univalle.edu.co\/index.php\/wp-json\/wp\/v2\/posts\/6088"}],"collection":[{"href":"https:\/\/emisora.univalle.edu.co\/index.php\/wp-json\/wp\/v2\/posts"}],"about":[{"href":"https:\/\/emisora.univalle.edu.co\/index.php\/wp-json\/wp\/v2\/types\/post"}],"author":[{"embeddable":true,"href":"https:\/\/emisora.univalle.edu.co\/index.php\/wp-json\/wp\/v2\/users\/1"}],"replies":[{"embeddable":true,"href":"https:\/\/emisora.univalle.edu.co\/index.php\/wp-json\/wp\/v2\/comments?post=6088"}],"version-history":[{"count":1,"href":"https:\/\/emisora.univalle.edu.co\/index.php\/wp-json\/wp\/v2\/posts\/6088\/revisions"}],"predecessor-version":[{"id":6089,"href":"https:\/\/emisora.univalle.edu.co\/index.php\/wp-json\/wp\/v2\/posts\/6088\/revisions\/6089"}],"wp:featuredmedia":[{"embeddable":true,"href":"https:\/\/emisora.univalle.edu.co\/index.php\/wp-json\/wp\/v2\/media\/6078"}],"wp:attachment":[{"href":"https:\/\/emisora.univalle.edu.co\/index.php\/wp-json\/wp\/v2\/media?parent=6088"}],"wp:term":[{"taxonomy":"category","embeddable":true,"href":"https:\/\/emisora.univalle.edu.co\/index.php\/wp-json\/wp\/v2\/categories?post=6088"},{"taxonomy":"post_tag","embeddable":true,"href":"https:\/\/emisora.univalle.edu.co\/index.php\/wp-json\/wp\/v2\/tags?post=6088"}],"curies":[{"name":"wp","href":"https:\/\/api.w.org\/{rel}","templated":true}]}}