{"id":6104,"date":"2015-08-12T14:35:27","date_gmt":"2015-08-12T19:35:27","guid":{"rendered":"https:\/\/emisora.univalle.edu.co\/\/?p=6104"},"modified":"2015-08-14T15:22:19","modified_gmt":"2015-08-14T20:22:19","slug":"buena-acogida-en-el-diplomado-senales-de-paz-comunicacion-radio-y-cultura","status":"publish","type":"post","link":"https:\/\/emisora.univalle.edu.co\/index.php\/buena-acogida-en-el-diplomado-senales-de-paz-comunicacion-radio-y-cultura\/","title":{"rendered":"Buena acogida para el Diplomado"},"content":{"rendered":"<p><span style=\"line-height: 1.5em;\">74 personas de radio comunitaria, de inter\u00e9s general y grupos de productores radiales, se presentaron para concursar por las becas en el Diplomado Se\u00f1ales de Paz, Comunicaci\u00f3n, Radio y Cultura que se estar\u00e1 realizando con Univalle Est\u00e9reo, en un convenio con la Fundaci\u00f3n Universidad del Valle y el Ministerio de Cultura de Colombia.<\/span><\/p>\n<p>De este n\u00famero de participantes, luego de la calificaci\u00f3n por parte del jurado calificador 30 podr\u00e1n acceder a este proceso de capacitaci\u00f3n.<\/p>\n<p>El listado de los ganadores de las becas se dar\u00e1n a conocer este s\u00e1bado 15 de agosto y la publicaci\u00f3n se estar\u00e1 haciendo por la p\u00e1gina de Univalle Est\u00e9reo donde usted podr\u00e1 consultar la informaci\u00f3n.\u00a0\u00a0La direcci\u00f3n es: <a href=\"http:\/\/www.desajoomlauv.univalle.edu.co\/~emisora\/\">www.desajoomlauv.univalle.edu.co\/~emisora<\/a><\/p>\n<p>A continuaci\u00f3n publicamos la lista de personas que inscribieron sus trabajos para la convocatoria. \u00a0<a title=\"Ver Aqu\u00ed\" href=\"https:\/\/emisora.univalle.edu.co\/\/wp-content\/uploads\/2015\/08\/LISTADO-DE-PARTICIPANTES.pdf\" target=\"_blank\">Link aqu\u00ed<\/a>.<\/p>\n<p>&nbsp;<\/p>\n<p>&nbsp;<\/p>\n","protected":false},"excerpt":{"rendered":"<p>74 personas de radio comunitaria, de inter\u00e9s general y grupos de productores radiales, se presentaron para concursar por las becas en el Diplomado Se\u00f1ales de Paz, Comunicaci\u00f3n, Radio y Cultura que se estar\u00e1 realizando con Univalle Est\u00e9reo, en un convenio con la Fundaci\u00f3n Universidad del Valle y el Ministerio de[&#8230;]<\/p>\n","protected":false},"author":1,"featured_media":6080,"comment_status":"open","ping_status":"open","sticky":false,"template":"","format":"standard","meta":{"footnotes":""},"categories":[4],"tags":[],"_links":{"self":[{"href":"https:\/\/emisora.univalle.edu.co\/index.php\/wp-json\/wp\/v2\/posts\/6104"}],"collection":[{"href":"https:\/\/emisora.univalle.edu.co\/index.php\/wp-json\/wp\/v2\/posts"}],"about":[{"href":"https:\/\/emisora.univalle.edu.co\/index.php\/wp-json\/wp\/v2\/types\/post"}],"author":[{"embeddable":true,"href":"https:\/\/emisora.univalle.edu.co\/index.php\/wp-json\/wp\/v2\/users\/1"}],"replies":[{"embeddable":true,"href":"https:\/\/emisora.univalle.edu.co\/index.php\/wp-json\/wp\/v2\/comments?post=6104"}],"version-history":[{"count":6,"href":"https:\/\/emisora.univalle.edu.co\/index.php\/wp-json\/wp\/v2\/posts\/6104\/revisions"}],"predecessor-version":[{"id":6112,"href":"https:\/\/emisora.univalle.edu.co\/index.php\/wp-json\/wp\/v2\/posts\/6104\/revisions\/6112"}],"wp:featuredmedia":[{"embeddable":true,"href":"https:\/\/emisora.univalle.edu.co\/index.php\/wp-json\/wp\/v2\/media\/6080"}],"wp:attachment":[{"href":"https:\/\/emisora.univalle.edu.co\/index.php\/wp-json\/wp\/v2\/media?parent=6104"}],"wp:term":[{"taxonomy":"category","embeddable":true,"href":"https:\/\/emisora.univalle.edu.co\/index.php\/wp-json\/wp\/v2\/categories?post=6104"},{"taxonomy":"post_tag","embeddable":true,"href":"https:\/\/emisora.univalle.edu.co\/index.php\/wp-json\/wp\/v2\/tags?post=6104"}],"curies":[{"name":"wp","href":"https:\/\/api.w.org\/{rel}","templated":true}]}}