{"id":6115,"date":"2015-08-12T16:28:20","date_gmt":"2015-08-12T21:28:20","guid":{"rendered":"https:\/\/emisora.univalle.edu.co\/\/?p=6115"},"modified":"2015-08-12T16:29:35","modified_gmt":"2015-08-12T21:29:35","slug":"con-homenaje-tumaco-se-inaugura-el-petronio-este-miercoles","status":"publish","type":"post","link":"https:\/\/emisora.univalle.edu.co\/index.php\/con-homenaje-tumaco-se-inaugura-el-petronio-este-miercoles\/","title":{"rendered":"Con homenaje a Tumaco, se inaugura el Petronio hoy mi\u00e9rcoles"},"content":{"rendered":"<p><span style=\"line-height: 1.5em;\">Desde la 11 de la ma\u00f1ana est\u00e1n abiertas las puertas de la Ciudadela Cultural Petronio \u00c1lvarez, en el sur de Cali.<\/span><\/p>\n<p>\u201cLa espera termin\u00f3, ya todo est\u00e1 listo para celebrar la fiesta m\u00e1s grande del Pac\u00edfico colombiano, que por cinco d\u00edas convertir\u00e1 a Cali en epicentro cultural de la regi\u00f3n\u201d, indic\u00f3 Mar\u00eda Helena Qui\u00f1\u00f3nez Salcedo, secretaria de Cultura y Turismo municipal.<\/p>\n<p>La gala de apertura rendir\u00e1 homenaje al municipio nari\u00f1ense de San Andr\u00e9s de Tumaco, conocido como \u2018La perla del Pac\u00edfico\u2019. El Festival de M\u00fasica del Pac\u00edfico Petronio \u00c1lvarez en su XIX versi\u00f3n se solidariza con su poblaci\u00f3n y rinde homenaje a su historia cultural, destacando la figura de \u2018Caballito\u2019 Garc\u00e9s.<\/p>\n<p>Esta poblaci\u00f3n nari\u00f1ense ha sufrido las consecuencias de las distintas violencias que azotan la patria y a su gente, trabajadora y buena, que ha visto c\u00f3mo su rico sistema ecol\u00f3gico ha sido golpeado por el derrame de crudo en el r\u00edo Mira.<\/p>\n<p>\u201cPor eso y por mucho m\u00e1s, pero sobre todo como una palmadita amistosa sobre el hombro para que sirva de aliciente a sus habitantes que luchan cada d\u00eda por un futuro mejor y m\u00e1s digno para ellos, el XIX Festival de M\u00fasica del Pac\u00edfico, Petronio \u00c1lvarez, durante la apertura, rendir\u00e1 un homenaje a esta regi\u00f3n de nuestro Pac\u00edfico colombiano\u201d, dijo Qui\u00f1\u00f3nez Salcedo.<\/p>\n<p>\u2018El Pac\u00edfico le canta a Tumaco\u2019\u00a0 es el programa con el que los grupos ganadores de las primeras versiones del Festival rendir\u00e1n sus sentimientos de afecto hacia los moradores de \u2018La perla del Pac\u00edfico\u2019.<\/p>\n<p>Ensamble del IPC abre el espect\u00e1culo<\/p>\n<p>Mano e Currulao, el ensamble art\u00edstico del Instituto Popular de Cultura \u2013IPC- que estuvo en Arco Madrid, y en Washington, representando a Colombia, abrir\u00e1n el espect\u00e1culo.<\/p>\n<p>Mano e Currulao es un grupo de artistas compuesto por 200 bailarines, m\u00fasicos y cantaoras de la regi\u00f3n de gran reconocimiento no solo nacional sino internacional.<\/p>\n<p>Otra de las actuaciones que dar\u00e1n realce al espect\u00e1culo ser\u00e1 la presencia del Grupo Bah\u00eda, bajo la direcci\u00f3n de Hugo Candelario Gonz\u00e1lez,\u00a0 quien se ha caracterizado por la conservaci\u00f3n de las ra\u00edces folcl\u00f3ricas del Pac\u00edfico. Es uno de los grupos que ha abierto m\u00e1s posibilidades a la m\u00fasica del Pac\u00edfico hacia el exterior.<\/p>\n<p>Buscaj\u00e1 llega desde Buenaventura a mostrar su trabajo y a unirse al resto del grupo que hace parte de este homenaje a Tumaco. Esta agrupaci\u00f3n se ha caracterizado por la rigurosidad de su m\u00fasica, basada en la investigaci\u00f3n y la disciplina de sus integrantes.<\/p>\n<p>La Contundencia del Choc\u00f3, una agrupaci\u00f3n que tiene un lugar propio en el mundo de la m\u00fasica folcl\u00f3rica del Pac\u00edfico. Sus instrumentos de viento y percusi\u00f3n tienen un sonido especial que les ha merecido un especial reconocimiento de todos los p\u00fablicos.<\/p>\n<p>Mario Marcelino Macuac\u00e9, de Nari\u00f1o, tiene un bien ganado prestigio por su labor art\u00edstica que lo ha llevado a ser finalista en el concurso nacional Factor X, pero lo que lo ha caracterizado siempre es su amor y su calidad interpretativa de los distintos ritmos del Pac\u00edfico colombiano.<\/p>\n<p>Con esta n\u00f3mina de artistas, se hace la apertura del XIX Festival de M\u00fasica del Pac\u00edfico, Petronio \u00c1lvarez, el m\u00e1s importante evento que promueve, exalta y divulga lo concerniente a la cultura afrodescendiente.<\/p>\n","protected":false},"excerpt":{"rendered":"<p>Desde la 11 de la ma\u00f1ana est\u00e1n abiertas las puertas de la Ciudadela Cultural Petronio \u00c1lvarez, en el sur de Cali. \u201cLa espera termin\u00f3, ya todo est\u00e1 listo para celebrar la fiesta m\u00e1s grande del Pac\u00edfico colombiano, que por cinco d\u00edas convertir\u00e1 a Cali en epicentro cultural de la regi\u00f3n\u201d,[&#8230;]<\/p>\n","protected":false},"author":1,"featured_media":5997,"comment_status":"open","ping_status":"open","sticky":false,"template":"","format":"standard","meta":{"footnotes":""},"categories":[4],"tags":[],"_links":{"self":[{"href":"https:\/\/emisora.univalle.edu.co\/index.php\/wp-json\/wp\/v2\/posts\/6115"}],"collection":[{"href":"https:\/\/emisora.univalle.edu.co\/index.php\/wp-json\/wp\/v2\/posts"}],"about":[{"href":"https:\/\/emisora.univalle.edu.co\/index.php\/wp-json\/wp\/v2\/types\/post"}],"author":[{"embeddable":true,"href":"https:\/\/emisora.univalle.edu.co\/index.php\/wp-json\/wp\/v2\/users\/1"}],"replies":[{"embeddable":true,"href":"https:\/\/emisora.univalle.edu.co\/index.php\/wp-json\/wp\/v2\/comments?post=6115"}],"version-history":[{"count":2,"href":"https:\/\/emisora.univalle.edu.co\/index.php\/wp-json\/wp\/v2\/posts\/6115\/revisions"}],"predecessor-version":[{"id":6117,"href":"https:\/\/emisora.univalle.edu.co\/index.php\/wp-json\/wp\/v2\/posts\/6115\/revisions\/6117"}],"wp:featuredmedia":[{"embeddable":true,"href":"https:\/\/emisora.univalle.edu.co\/index.php\/wp-json\/wp\/v2\/media\/5997"}],"wp:attachment":[{"href":"https:\/\/emisora.univalle.edu.co\/index.php\/wp-json\/wp\/v2\/media?parent=6115"}],"wp:term":[{"taxonomy":"category","embeddable":true,"href":"https:\/\/emisora.univalle.edu.co\/index.php\/wp-json\/wp\/v2\/categories?post=6115"},{"taxonomy":"post_tag","embeddable":true,"href":"https:\/\/emisora.univalle.edu.co\/index.php\/wp-json\/wp\/v2\/tags?post=6115"}],"curies":[{"name":"wp","href":"https:\/\/api.w.org\/{rel}","templated":true}]}}