{"id":6120,"date":"2015-08-12T16:32:02","date_gmt":"2015-08-12T21:32:02","guid":{"rendered":"https:\/\/emisora.univalle.edu.co\/\/?p=6120"},"modified":"2015-08-12T16:32:40","modified_gmt":"2015-08-12T21:32:40","slug":"turismo-departamental-recibio-capacitacion-en-proyectos-por-parte-de-fontur","status":"publish","type":"post","link":"https:\/\/emisora.univalle.edu.co\/index.php\/turismo-departamental-recibio-capacitacion-en-proyectos-por-parte-de-fontur\/","title":{"rendered":"Turismo departamental recibi\u00f3 capacitaci\u00f3n en proyectos"},"content":{"rendered":"<p><span style=\"line-height: 1.5em;\">Directivos y funcionarios de la Secretar\u00eda de Turismo departamental recibieron una capacitaci\u00f3n por parte de FONTUR en presentaci\u00f3n de proyectos y promoci\u00f3n de turismo regional. A esta reuni\u00f3n asistieron tambi\u00e9n los representantes del sector tur\u00edstico regional.<\/span><\/p>\n<p>\u201cEstamos estimulando la presentaci\u00f3n de proyectos por parte de FONTUR porque en el Valle del Cauca no estamos aprovechando al 100% los recursos tur\u00edsticos con los que contamos. Tenemos una diversidad \u00fanica y hay que sacarle todo el provecho posible para que no solo propios sino visitantes de todo el mundo vengan a conocer el para\u00edso en que vivimos. Por parte de FONTUR estamos empezando hoy pero a partir de esta reuni\u00f3n nos seguiremos reuniendo con los dem\u00e1s sectores para crear, al igual que departamentos vecinos, un turismo fortalecido y ejemplo\u201d, Piedad Varela, Secretaria de Turismo y Comercio del Valle.<\/p>\n<p>Carlos Cadavid, Director de Apoyo a las regiones de FONTUR, manifest\u00f3 que \u201cesta asistencia t\u00e9cnica corresponde a una oferta institucional que tiene unas l\u00edneas estrat\u00e9gicas en las cuales los actores p\u00fablicos y privados, presentan competitividad tur\u00edstica, promoci\u00f3n y mercadeo e infraestructura tur\u00edstica. Estas l\u00edneas se articulan y posteriormente postulan iniciativas y proyectos ante el fondo para darle progreso a la regi\u00f3n y al turismo del departamento\u201d.<\/p>\n<p>Estas reuniones representan un avance por parte de la administraci\u00f3n departamental para el fortalecimiento de un sector tan pr\u00f3spero como lo es el turismo.<\/p>\n<p>Fuente: Comunicaciones Gobernaci\u00f3n<\/p>\n","protected":false},"excerpt":{"rendered":"<p>Directivos y funcionarios de la Secretar\u00eda de Turismo departamental recibieron una capacitaci\u00f3n por parte de FONTUR en presentaci\u00f3n de proyectos y promoci\u00f3n de turismo regional. A esta reuni\u00f3n asistieron tambi\u00e9n los representantes del sector tur\u00edstico regional. \u201cEstamos estimulando la presentaci\u00f3n de proyectos por parte de FONTUR porque en el Valle[&#8230;]<\/p>\n","protected":false},"author":1,"featured_media":6098,"comment_status":"open","ping_status":"open","sticky":false,"template":"","format":"standard","meta":{"footnotes":""},"categories":[4],"tags":[],"_links":{"self":[{"href":"https:\/\/emisora.univalle.edu.co\/index.php\/wp-json\/wp\/v2\/posts\/6120"}],"collection":[{"href":"https:\/\/emisora.univalle.edu.co\/index.php\/wp-json\/wp\/v2\/posts"}],"about":[{"href":"https:\/\/emisora.univalle.edu.co\/index.php\/wp-json\/wp\/v2\/types\/post"}],"author":[{"embeddable":true,"href":"https:\/\/emisora.univalle.edu.co\/index.php\/wp-json\/wp\/v2\/users\/1"}],"replies":[{"embeddable":true,"href":"https:\/\/emisora.univalle.edu.co\/index.php\/wp-json\/wp\/v2\/comments?post=6120"}],"version-history":[{"count":2,"href":"https:\/\/emisora.univalle.edu.co\/index.php\/wp-json\/wp\/v2\/posts\/6120\/revisions"}],"predecessor-version":[{"id":6122,"href":"https:\/\/emisora.univalle.edu.co\/index.php\/wp-json\/wp\/v2\/posts\/6120\/revisions\/6122"}],"wp:featuredmedia":[{"embeddable":true,"href":"https:\/\/emisora.univalle.edu.co\/index.php\/wp-json\/wp\/v2\/media\/6098"}],"wp:attachment":[{"href":"https:\/\/emisora.univalle.edu.co\/index.php\/wp-json\/wp\/v2\/media?parent=6120"}],"wp:term":[{"taxonomy":"category","embeddable":true,"href":"https:\/\/emisora.univalle.edu.co\/index.php\/wp-json\/wp\/v2\/categories?post=6120"},{"taxonomy":"post_tag","embeddable":true,"href":"https:\/\/emisora.univalle.edu.co\/index.php\/wp-json\/wp\/v2\/tags?post=6120"}],"curies":[{"name":"wp","href":"https:\/\/api.w.org\/{rel}","templated":true}]}}