{"id":6123,"date":"2015-08-12T16:33:50","date_gmt":"2015-08-12T21:33:50","guid":{"rendered":"https:\/\/emisora.univalle.edu.co\/\/?p=6123"},"modified":"2015-08-12T16:33:50","modified_gmt":"2015-08-12T21:33:50","slug":"otro-premio-con-sello-univalle","status":"publish","type":"post","link":"https:\/\/emisora.univalle.edu.co\/index.php\/otro-premio-con-sello-univalle\/","title":{"rendered":"Otro premio con sello Univalle"},"content":{"rendered":"<p><span style=\"line-height: 1.5em;\">\u00a0\u201cQue viva la m\u00fasica\u201d, la m\u00e1s reciente pel\u00edcula del egresado de Comunicaci\u00f3n Social de la Universidad del Valle Carlos Moreno gan\u00f3 el premio a Mejor Coproducci\u00f3n Latinoamericana en el X Festival Internacional de Cine de Sao Paulo.<\/span><\/p>\n<p>Este reconocimiento se suma a la Selecci\u00f3n Oficial en el Festival de Sundance a principios de a\u00f1o y el premio a Mejor Fotograf\u00eda Iberoamericana en el XXX Festival Internacional de Cine en Guadalajara &#8211; FICG.<\/p>\n<p>Este filme, inspirado en el libro hom\u00f3nimo del escritor Andr\u00e9s Caicedo, retrata la p\u00e9rdida de la inocencia y la iniciaci\u00f3n en el mundo de la fiesta y las drogas de una adolescente de la clase privilegiada cale\u00f1a. Habla del acercamiento de Mar\u00eda del Carmen con la calle, la m\u00fasica, el baile y la experimentaci\u00f3n con los sentidos, donde la libertad es lo primordial en esta b\u00fasqueda de identidad.<\/p>\n<p>Carlos Moreno ha dirigido los largometrajes \u201cPerro come perro\u201d, \u201cTodos tus muertos\u201d y \u201cEl cartel de los sapos\u201d, as\u00ed como la serie de televisi\u00f3n \u2018Escobar, el patr\u00f3n del mal\u2019. Su cuarta pel\u00edcula es una producci\u00f3n de Dynamo (Colombia), en coproducci\u00f3n con \u00cdtaca Films (M\u00e9xico) y Labo Digital, con la participaci\u00f3n de Caracol Cine y Cine Colombia, en asocio de Cool Flix y Fania Records.<\/p>\n<p>La pel\u00edcula se estrenar\u00e1 en Colombia el pr\u00f3ximo 29 de octubre.<\/p>\n<p>Este reconocimiento se suma a los ya obtenidos por las producciones de otros egresados de la instituci\u00f3n, como la \u201cC\u00e1mara de Oro\u201d, \u201cLe Grand Rail D\u2019Or 2015\u201d,\u00a0 \u201cpremio SACD\u201d y el \u201cFrance 4 Visionary Award\u201d que recibi\u00f3 \u201cLa Tierra y la Sombra\u201d de C\u00e9sar Augusto Acevedo en el Festival de Cine de Cannes y la participaci\u00f3n de \u201cSiembra\u201d de \u00c1ngela Osorio y Santiago Lozano, que fue seleccionada para hacer parte del Festival de Cine de Locarno, que actualmente se lleva a cabo en Suiza.<\/p>\n<p>Fuente: Agencia de Noticias Univalle<\/p>\n","protected":false},"excerpt":{"rendered":"<p>\u00a0\u201cQue viva la m\u00fasica\u201d, la m\u00e1s reciente pel\u00edcula del egresado de Comunicaci\u00f3n Social de la Universidad del Valle Carlos Moreno gan\u00f3 el premio a Mejor Coproducci\u00f3n Latinoamericana en el X Festival Internacional de Cine de Sao Paulo. Este reconocimiento se suma a la Selecci\u00f3n Oficial en el Festival de Sundance[&#8230;]<\/p>\n","protected":false},"author":1,"featured_media":6101,"comment_status":"open","ping_status":"open","sticky":false,"template":"","format":"standard","meta":{"footnotes":""},"categories":[4],"tags":[],"_links":{"self":[{"href":"https:\/\/emisora.univalle.edu.co\/index.php\/wp-json\/wp\/v2\/posts\/6123"}],"collection":[{"href":"https:\/\/emisora.univalle.edu.co\/index.php\/wp-json\/wp\/v2\/posts"}],"about":[{"href":"https:\/\/emisora.univalle.edu.co\/index.php\/wp-json\/wp\/v2\/types\/post"}],"author":[{"embeddable":true,"href":"https:\/\/emisora.univalle.edu.co\/index.php\/wp-json\/wp\/v2\/users\/1"}],"replies":[{"embeddable":true,"href":"https:\/\/emisora.univalle.edu.co\/index.php\/wp-json\/wp\/v2\/comments?post=6123"}],"version-history":[{"count":1,"href":"https:\/\/emisora.univalle.edu.co\/index.php\/wp-json\/wp\/v2\/posts\/6123\/revisions"}],"predecessor-version":[{"id":6124,"href":"https:\/\/emisora.univalle.edu.co\/index.php\/wp-json\/wp\/v2\/posts\/6123\/revisions\/6124"}],"wp:featuredmedia":[{"embeddable":true,"href":"https:\/\/emisora.univalle.edu.co\/index.php\/wp-json\/wp\/v2\/media\/6101"}],"wp:attachment":[{"href":"https:\/\/emisora.univalle.edu.co\/index.php\/wp-json\/wp\/v2\/media?parent=6123"}],"wp:term":[{"taxonomy":"category","embeddable":true,"href":"https:\/\/emisora.univalle.edu.co\/index.php\/wp-json\/wp\/v2\/categories?post=6123"},{"taxonomy":"post_tag","embeddable":true,"href":"https:\/\/emisora.univalle.edu.co\/index.php\/wp-json\/wp\/v2\/tags?post=6123"}],"curies":[{"name":"wp","href":"https:\/\/api.w.org\/{rel}","templated":true}]}}