{"id":6150,"date":"2015-08-14T15:36:14","date_gmt":"2015-08-14T20:36:14","guid":{"rendered":"https:\/\/emisora.univalle.edu.co\/\/?p=6150"},"modified":"2016-04-07T11:47:18","modified_gmt":"2016-04-07T16:47:18","slug":"univalle-estereo-homenajeada-en-sus-20-anos","status":"publish","type":"post","link":"https:\/\/emisora.univalle.edu.co\/index.php\/univalle-estereo-homenajeada-en-sus-20-anos\/","title":{"rendered":"Univalle Est\u00e9reo homenajeada en sus 20 a\u00f1os"},"content":{"rendered":"<p><span style=\"line-height: 1.5em;\">Por su aporte al fomento de la cultura y la educaci\u00f3n, la Gobernaci\u00f3n del Valle y la Universidad del Valle homenajearon a la emisora Univalle Est\u00e9reo en sus 20 a\u00f1os de creaci\u00f3n, en un acto realizado este jueves 13 de agosto, en el Hotel Spiwak, en Cali.<\/span><\/p>\n<p>La Red de Radios Universitarias se uni\u00f3 a esta celebraci\u00f3n, en cabeza de su presidente Rogelio Delgado, quien entreg\u00f3 una placa conmemorativa.<\/p>\n<p>\u201cLa dedicaci\u00f3n y el compromiso de todo el equipo de Univalle Est\u00e9reo han logrado que nuestra Instituci\u00f3n tenga una de las emisoras m\u00e1s importantes de la regi\u00f3n y que estemos celebrando estos 20 a\u00f1os en compa\u00f1\u00eda de los integrantes de la Red de Radios Universitarias, reflexionando sobre los retos actuales de la radio universitaria, veh\u00edculo id\u00f3neo para la generaci\u00f3n de una cultura de paz en nuestro pa\u00eds\u201d, expres\u00f3 el rector de la Universidad del Valle Iv\u00e1n Enrique Ramos Calder\u00f3n.<\/p>\n<p>Como parte de este acto, la Universidad del Valle, la Fundaci\u00f3n Universidad del Valle y la Emisora entregaron reconocimientos a los productores de los programas.<\/p>\n<p>\u201cEs un privilegio que una universidad tenga una emisora propia, que le permita explorar y experimentar con formatos que ser\u00edan imposibles en otra estaci\u00f3n. El reto como emisora universitaria es seguir informando, pero adem\u00e1s de mover conciencias y ayudar a transformar la sociedad\u201d, mencion\u00f3 Jorge Caicedo, director del programa de Comunicaci\u00f3n Social de la Facultad de Artes Integradas y productor de los programas \u201cBloque C\u201d y \u201cGuataca\u201d.<\/p>\n<p>\u201cRepresenta un compromiso muy alto con la audiencia, porque se trata de una emisora que debe transmitir un mensaje en tanto radio cultural y educativa, pero tambi\u00e9n en un producto atractivo desde lo comercial. Pensando, adem\u00e1s, en el p\u00fablico de esta emisora, que son personas que buscan otra alternativa en la radio y a eso le apunta Univalle Est\u00e9reo\u201d, dijo Gildardo Arango, director del Informativo La U F.M., espacio radial que transmite de lunes a viernes, de 6 a 9 a.m.<\/p>\n<p>La emisora<\/p>\n<p>La emisora transmite desde el campus de Mel\u00e9ndez en Cali. Cuenta con un transmisor de 10 kilovatios instalado en el cerro de las Tres Cruces, lo que ha permitido cobertura en el valle geogr\u00e1fico del Rio Cauca y buena parte del Norte del Cauca. As\u00ed mismo, se puede sintonizar a trav\u00e9s de Internet y ahora pueden descargar la App para dispositivos m\u00f3viles.<\/p>\n<p>Univalle Est\u00e9reo se ha caracterizado por ser una radio con alta generaci\u00f3n de contenido, a la vanguardia, respondiendo al desaf\u00edo de la radio del futuro; cuenta con un equipo de productores de la radio, profesionales especializados en todas las \u00e1reas del conocimiento. Adem\u00e1s de coleccionistas expertos en distintos g\u00e9neros musicales y personal calificado, permite desarrollar una programaci\u00f3n en forma permanente durante las 24 horas.<\/p>\n<p>Univalle Est\u00e9reo promociona e incentiva diferentes iniciativas culturales, como la audici\u00f3n musical, enriquecida con informaci\u00f3n \u00fatil y orientadora. Docentes y profesionales de diferentes \u00e1reas, la mayor\u00eda egresados de la Universidad del Valle, producen los programas especializados de fin de semana.<\/p>\n<p>La experiencia de 20 a\u00f1os, incluye el liderazgo de proyectos educativos, seminarios y diplomados, la organizaci\u00f3n de eventos acad\u00e9micos, la realizaci\u00f3n y divulgaci\u00f3n de campa\u00f1as educativas, pedag\u00f3gicas, culturales, sociales, ambientales y publicitarias.<\/p>\n<p>Adem\u00e1s, ha obtenido distinciones como el primer puesto entregado por el C\u00edrculo de periodistas de M\u00e9xico como mejor trabajo Universitario en el 2011; primer puesto del premio Nuevo Periodismo 2007 en la categor\u00eda de radio, otorgado por la Fundaci\u00f3n Nuevo Periodismo-\u00a0 CEMEX en M\u00e9xico; 6 premios de periodismo Alfonso Bonilla Arag\u00f3n, entre otros.<\/p>\n<p>El profesionalismo con el cual se ha realizado la producci\u00f3n radial, a trav\u00e9s de dos d\u00e9cadas, es un aspecto clave que ha generado la credibilidad y confianza id\u00f3nea para que las entidades del Estado le conf\u00eden proyectos para ser transmitidos por la Red de Radio Universitaria de Colombia, como la Serie Radial Patrimonio cultural de Colombia, Lenguas Nativas de Colombia y la serie Un Plan por la Ni\u00f1ez de la Fundaci\u00f3n Plan.<\/p>\n<p><a href=\"https:\/\/emisora.univalle.edu.co\/\/wp-content\/uploads\/2015\/08\/Homenaje1.jpg\" data-lightbox=\"gal[6150]\"><img loading=\"lazy\" decoding=\"async\" class=\"aligncenter size-full wp-image-6155\" alt=\"Homenaje\" src=\"https:\/\/emisora.univalle.edu.co\/\/wp-content\/uploads\/2015\/08\/Homenaje1.jpg\" width=\"527\" height=\"313\" srcset=\"https:\/\/emisora.univalle.edu.co\/wp-content\/uploads\/2015\/08\/Homenaje1.jpg 527w, https:\/\/emisora.univalle.edu.co\/wp-content\/uploads\/2015\/08\/Homenaje1-300x178.jpg 300w, https:\/\/emisora.univalle.edu.co\/wp-content\/uploads\/2015\/08\/Homenaje1-438x260.jpg 438w\" sizes=\"(max-width: 527px) 100vw, 527px\" \/><\/a><\/p>\n","protected":false},"excerpt":{"rendered":"<p>Por su aporte al fomento de la cultura y la educaci\u00f3n, la Gobernaci\u00f3n del Valle y la Universidad del Valle homenajearon a la emisora Univalle Est\u00e9reo en sus 20 a\u00f1os de creaci\u00f3n, en un acto realizado este jueves 13 de agosto, en el Hotel Spiwak, en Cali. La Red de[&#8230;]<\/p>\n","protected":false},"author":1,"featured_media":6151,"comment_status":"open","ping_status":"open","sticky":false,"template":"","format":"standard","meta":{"footnotes":""},"categories":[4],"tags":[],"_links":{"self":[{"href":"https:\/\/emisora.univalle.edu.co\/index.php\/wp-json\/wp\/v2\/posts\/6150"}],"collection":[{"href":"https:\/\/emisora.univalle.edu.co\/index.php\/wp-json\/wp\/v2\/posts"}],"about":[{"href":"https:\/\/emisora.univalle.edu.co\/index.php\/wp-json\/wp\/v2\/types\/post"}],"author":[{"embeddable":true,"href":"https:\/\/emisora.univalle.edu.co\/index.php\/wp-json\/wp\/v2\/users\/1"}],"replies":[{"embeddable":true,"href":"https:\/\/emisora.univalle.edu.co\/index.php\/wp-json\/wp\/v2\/comments?post=6150"}],"version-history":[{"count":3,"href":"https:\/\/emisora.univalle.edu.co\/index.php\/wp-json\/wp\/v2\/posts\/6150\/revisions"}],"predecessor-version":[{"id":6157,"href":"https:\/\/emisora.univalle.edu.co\/index.php\/wp-json\/wp\/v2\/posts\/6150\/revisions\/6157"}],"wp:featuredmedia":[{"embeddable":true,"href":"https:\/\/emisora.univalle.edu.co\/index.php\/wp-json\/wp\/v2\/media\/6151"}],"wp:attachment":[{"href":"https:\/\/emisora.univalle.edu.co\/index.php\/wp-json\/wp\/v2\/media?parent=6150"}],"wp:term":[{"taxonomy":"category","embeddable":true,"href":"https:\/\/emisora.univalle.edu.co\/index.php\/wp-json\/wp\/v2\/categories?post=6150"},{"taxonomy":"post_tag","embeddable":true,"href":"https:\/\/emisora.univalle.edu.co\/index.php\/wp-json\/wp\/v2\/tags?post=6150"}],"curies":[{"name":"wp","href":"https:\/\/api.w.org\/{rel}","templated":true}]}}