{"id":6168,"date":"2015-08-15T08:39:37","date_gmt":"2015-08-15T13:39:37","guid":{"rendered":"https:\/\/emisora.univalle.edu.co\/\/?p=6168"},"modified":"2016-03-10T08:36:46","modified_gmt":"2016-03-10T13:36:46","slug":"radios-universitarias-y-post-conflicto-un-reto-pedagogico","status":"publish","type":"post","link":"https:\/\/emisora.univalle.edu.co\/index.php\/radios-universitarias-y-post-conflicto-un-reto-pedagogico\/","title":{"rendered":"Radios Universitarias y Post Conflicto, un reto pedag\u00f3gico"},"content":{"rendered":"<p><span style=\"line-height: 1.5em;\"><a href=\"https:\/\/emisora.univalle.edu.co\/\/wp-content\/uploads\/2015\/08\/Encuentro5.jpg\" data-lightbox=\"gal[6168]\"><img loading=\"lazy\" decoding=\"async\" class=\" wp-image-6172 alignright\" alt=\"Encuentro5\" src=\"https:\/\/emisora.univalle.edu.co\/\/wp-content\/uploads\/2015\/08\/Encuentro5.jpg\" width=\"470\" height=\"264\" srcset=\"https:\/\/emisora.univalle.edu.co\/wp-content\/uploads\/2015\/08\/Encuentro5.jpg 783w, https:\/\/emisora.univalle.edu.co\/wp-content\/uploads\/2015\/08\/Encuentro5-300x168.jpg 300w, https:\/\/emisora.univalle.edu.co\/wp-content\/uploads\/2015\/08\/Encuentro5-438x246.jpg 438w\" sizes=\"(max-width: 470px) 100vw, 470px\" \/><\/a>Luego de cerca de 16 horas de conferencias durante tres d\u00edas, concluy\u00f3 el viernes 14 de agosto en la Universidad del Valle, Campus de Mel\u00e9ndez, el XII Encuentro de la Red Radio Universitarias de Colombia (RRUC).<\/span><\/p>\n<p>Durante el evento, al que asistieron representantes de 57 emisoras de 40 universidades del pa\u00eds, expositores nacionales e internacionales abordaron el tema de la radio universitaria en el marco del proceso de paz y el post conflicto.<\/p>\n<p>La agenda preparada para este encuentro incluy\u00f3 jornadas acad\u00e9micas y talleres pr\u00e1cticos en los ejes tem\u00e1ticos: di\u00e1logos de paz y postconflicto, interculturalidad y la radio y las nuevas narrativas trans-media.<\/p>\n<p>El evento cont\u00f3 con la presencia del escritor boliviano Alfonso Gumucio, quien habl\u00f3 de \u201cLas radios locales en los procesos de cambio social\u201d; del fil\u00f3sofo Manuel Ramiro Mu\u00f1oz, \u201cFin del conflicto armado y construcci\u00f3n de paz desde la sociedad civil\u201d; y delegados de los Ministerios de las Tecnolog\u00edas de la Informaci\u00f3n, las Comunicaciones y la Cultura.<\/p>\n<p>La Agencia de Noticias de la Universidad del Valle indag\u00f3 con directores y periodistas de la radio universitaria en Colombia sobre cu\u00e1l deber\u00eda ser el papel de estas en un eventual post conflicto, y muchas coincidieron en su labor pedag\u00f3gica, imparcial y anal\u00edtica.<\/p>\n<p><a href=\"https:\/\/emisora.univalle.edu.co\/\/wp-content\/uploads\/2015\/08\/DSC07740.jpg\" data-lightbox=\"gal[6168]\"><img loading=\"lazy\" decoding=\"async\" class=\" wp-image-6170 alignleft\" alt=\"DSC07740\" src=\"https:\/\/emisora.univalle.edu.co\/\/wp-content\/uploads\/2015\/08\/DSC07740.jpg\" width=\"471\" height=\"264\" srcset=\"https:\/\/emisora.univalle.edu.co\/wp-content\/uploads\/2015\/08\/DSC07740.jpg 785w, https:\/\/emisora.univalle.edu.co\/wp-content\/uploads\/2015\/08\/DSC07740-300x168.jpg 300w, https:\/\/emisora.univalle.edu.co\/wp-content\/uploads\/2015\/08\/DSC07740-438x246.jpg 438w\" sizes=\"(max-width: 471px) 100vw, 471px\" \/><\/a><\/p>\n<p>Diego Trujillo, director de la UNIAJC, la radio del Instituto Universitario Antonio Jos\u00e9 Camacho de Cali, cree que lo m\u00e1s importante de las radios universitarias en el post conflicto \u201ces informar sobre las acciones a emprender por parte del gobierno\u201d, pero tambi\u00e9n \u201cbrindar espacios para que cada uno de los actores participe en el proceso\u201d.<\/p>\n<p>Para la directora de Universitaria Est\u00e9reo de la Universidad Tecnol\u00f3gica de Pereira, Paula Rend\u00f3n, una de las cosas m\u00e1s importantes de la radio universitaria en el actual proceso de paz \u201ces haberlo acompa\u00f1ado con responsabilidad, informando de manera pertinente y \u00e1gil\u201d.<\/p>\n<p>Rend\u00f3n sostiene que, a\u00fan hoy, \u201cexisten muchos colombianos que no saben qu\u00e9 est\u00e1 sucediendo en La Habana, y jam\u00e1s entendieron lo de los ciclos y las mesas\u201d. Y agrega: \u201cEl papel de la radio universitaria en el post conflicto es reivindicarse un poco e informar sobre qu\u00e9 es eso del post conflicto porque para muchas personas ni siquiera hay conflicto\u201d.<\/p>\n<p>Por su parte, Amilkar Wong, de la UDC Radio de la Universidad de Cartagena, el papel en el post conflicto de su emisora est\u00e1 en el mismo lema que los identifica: sonidos que integran. \u201cCreo que nuestro papel es darle espacio a las comunidades que nunca lo han tenido, integrarlos\u201d.<\/p>\n<p>Para Wong \u201ces valioso que la gente se pueda ver reflejada en la radio, que puedan tener su espacio y sean part\u00edcipes de la paz como tal a partir de sus vivencias, de sus voces, de c\u00f3mo quieren ser percibidos\u201d.<\/p>\n<p>\u201cMe parece que el compromiso que tenemos todas las universidades del pa\u00eds con el post conflicto es grand\u00edsimo\u201d, seg\u00fan Clara In\u00e9s Calder\u00f3n Correa, directora de Radio C\u00f3ndor de la Universidad Aut\u00f3noma de Manizales y de la Fundaci\u00f3n para el Desarrollo Educativo de Caldas.<\/p>\n<p>Calder\u00f3n es de las que cree que \u201ctenemos que apoyar a todas las personas que se van a desmovilizar y que se han visto, de alguna manera, involucradas en el conflicto\u201d, aclarando que son las universidades las llamadas a decir: \u201cAqu\u00ed estamos y para qu\u00e9 servimos\u201d.<\/p>\n<p><a href=\"https:\/\/emisora.univalle.edu.co\/\/wp-content\/uploads\/2015\/08\/Encuentro3.jpg\" data-lightbox=\"gal[6168]\"><img loading=\"lazy\" decoding=\"async\" class=\" wp-image-6169 alignright\" alt=\"Encuentro3\" src=\"https:\/\/emisora.univalle.edu.co\/\/wp-content\/uploads\/2015\/08\/Encuentro3.jpg\" width=\"470\" height=\"264\" srcset=\"https:\/\/emisora.univalle.edu.co\/wp-content\/uploads\/2015\/08\/Encuentro3.jpg 784w, https:\/\/emisora.univalle.edu.co\/wp-content\/uploads\/2015\/08\/Encuentro3-300x168.jpg 300w, https:\/\/emisora.univalle.edu.co\/wp-content\/uploads\/2015\/08\/Encuentro3-438x246.jpg 438w\" sizes=\"(max-width: 470px) 100vw, 470px\" \/><\/a><\/p>\n<p>N\u00e9stor Ballesteros, periodista de Uniminuto Radio de Bogot\u00e1 cree que el secreto pasar\u00e1 por contar historias distintas a las de los medios tradicionales: \u201cEs hablar de la gente que trabaja por la paz desde sus iniciativas, desde su cotidianidad, desde sus propias historias de vida\u201d.<\/p>\n<p>Para \u00e9l, el papel de la radio universitaria en el post conflicto \u201ces darle voz, por ejemplo, a una madre cabeza de hogar que trabaja para sostener a sus hijos, porque el conflicto del pa\u00eds no solo es el de la guerrilla con el Estado sino el de la pobreza, la miseria y la exclusi\u00f3n\u201d.<\/p>\n<p>\u201cTenemos que trabajar en esa paz cotidiana en la construcci\u00f3n de buenas pr\u00e1cticas\u201d, se\u00f1ala Ballesteros. \u201cCampa\u00f1as para dejar de agredirnos, para saludar. Tratar temas de convivencia donde aflore la Colombia solidaria y conviviente\u201d.<\/p>\n<p>Eliher Hern\u00e1ndez, director de Univalle est\u00e9reo de la Universidad del Valle, opina que \u201cel ideal de estas emisoras es educar, fortalecer y formar audiencias en el tema de la paz y el post conflicto con la orientaci\u00f3n de la academia\u201d.<\/p>\n<p>\u201cSiempre las emisoras universitarias est\u00e1n, por su misi\u00f3n, destinadas a escuchar a los grandes maestros\u201d, sostiene, y advierte que justamente este encuentro tuvo por lema: \u201cpaz al aire, un aire por la paz\u201d, con invitados que reflexionaron sobre los procesos de paz y el papel de la radio.<\/p>\n<p>Finalmente, todos coincidieron en la necesidad de marcar una diferencia con las cadenas privadas. \u201cLa radio privada trabaja lo noticioso sin profundizar\u201d, dice Rend\u00f3n, de Universitaria Est\u00e9reo de Pereira. \u201cM\u00e1s all\u00e1 de tocar el hecho mismo, tenemos el reto de hacerlo de manera pedag\u00f3gica\u201d.<\/p>\n<p>Wong, de Cartagena, est\u00e1 de acuerdo con Rend\u00f3n, y dice que debe ser una radio inclusiva en la que se oigan muchas voces, propuesta a la que la directora de Radio C\u00f3ndor de Manizales agreg\u00f3: \u201cpor eso mismo debemos ser m\u00e1s responsables, serios, respetables e imparciales\u201d.<\/p>\n<p>Finalmente, Hern\u00e1ndez, de Univalle Est\u00e9reo, cree que la diferencia est\u00e1 en que las emisoras universitarias cuentan con personal humano al interior que no posee ninguna emisora comercial. \u201cEsa es una diferencia crucial\u201d, afirma, pero tambi\u00e9n \u201cla neutralidad y el equilibrio informativo\u201d.<\/p>\n<p><a href=\"https:\/\/emisora.univalle.edu.co\/\/wp-content\/uploads\/2015\/08\/Encuentro-2.jpg\" data-lightbox=\"gal[6168]\"><img loading=\"lazy\" decoding=\"async\" class=\"aligncenter size-full wp-image-6165\" alt=\"Encuentro 2\" src=\"https:\/\/emisora.univalle.edu.co\/\/wp-content\/uploads\/2015\/08\/Encuentro-2.jpg\" width=\"784\" height=\"440\" srcset=\"https:\/\/emisora.univalle.edu.co\/wp-content\/uploads\/2015\/08\/Encuentro-2.jpg 784w, https:\/\/emisora.univalle.edu.co\/wp-content\/uploads\/2015\/08\/Encuentro-2-300x168.jpg 300w, https:\/\/emisora.univalle.edu.co\/wp-content\/uploads\/2015\/08\/Encuentro-2-438x246.jpg 438w\" sizes=\"(max-width: 784px) 100vw, 784px\" \/><\/a><\/p>\n<p>&nbsp;<\/p>\n<p><a href=\"https:\/\/emisora.univalle.edu.co\/\/wp-content\/uploads\/2015\/08\/Encuentro4.jpg\" data-lightbox=\"gal[6168]\"><img loading=\"lazy\" decoding=\"async\" class=\"aligncenter size-full wp-image-6171\" alt=\"Encuentro4\" src=\"https:\/\/emisora.univalle.edu.co\/\/wp-content\/uploads\/2015\/08\/Encuentro4.jpg\" width=\"783\" height=\"440\" srcset=\"https:\/\/emisora.univalle.edu.co\/wp-content\/uploads\/2015\/08\/Encuentro4.jpg 783w, https:\/\/emisora.univalle.edu.co\/wp-content\/uploads\/2015\/08\/Encuentro4-300x168.jpg 300w, https:\/\/emisora.univalle.edu.co\/wp-content\/uploads\/2015\/08\/Encuentro4-438x246.jpg 438w\" sizes=\"(max-width: 783px) 100vw, 783px\" \/><\/a>Fotos: Fabricio P\u00e9rez<\/p>\n<p>Univalle Est\u00e9reo<\/p>\n<p>Fuente: Agencia de Noticias Univalle<\/p>\n<p>&nbsp;<\/p>\n","protected":false},"excerpt":{"rendered":"<p>Luego de cerca de 16 horas de conferencias durante tres d\u00edas, concluy\u00f3 el viernes 14 de agosto en la Universidad del Valle, Campus de Mel\u00e9ndez, el XII Encuentro de la Red Radio Universitarias de Colombia (RRUC). Durante el evento, al que asistieron representantes de 57 emisoras de 40 universidades del[&#8230;]<\/p>\n","protected":false},"author":1,"featured_media":6166,"comment_status":"open","ping_status":"open","sticky":false,"template":"","format":"standard","meta":{"footnotes":""},"categories":[4],"tags":[],"_links":{"self":[{"href":"https:\/\/emisora.univalle.edu.co\/index.php\/wp-json\/wp\/v2\/posts\/6168"}],"collection":[{"href":"https:\/\/emisora.univalle.edu.co\/index.php\/wp-json\/wp\/v2\/posts"}],"about":[{"href":"https:\/\/emisora.univalle.edu.co\/index.php\/wp-json\/wp\/v2\/types\/post"}],"author":[{"embeddable":true,"href":"https:\/\/emisora.univalle.edu.co\/index.php\/wp-json\/wp\/v2\/users\/1"}],"replies":[{"embeddable":true,"href":"https:\/\/emisora.univalle.edu.co\/index.php\/wp-json\/wp\/v2\/comments?post=6168"}],"version-history":[{"count":4,"href":"https:\/\/emisora.univalle.edu.co\/index.php\/wp-json\/wp\/v2\/posts\/6168\/revisions"}],"predecessor-version":[{"id":6220,"href":"https:\/\/emisora.univalle.edu.co\/index.php\/wp-json\/wp\/v2\/posts\/6168\/revisions\/6220"}],"wp:featuredmedia":[{"embeddable":true,"href":"https:\/\/emisora.univalle.edu.co\/index.php\/wp-json\/wp\/v2\/media\/6166"}],"wp:attachment":[{"href":"https:\/\/emisora.univalle.edu.co\/index.php\/wp-json\/wp\/v2\/media?parent=6168"}],"wp:term":[{"taxonomy":"category","embeddable":true,"href":"https:\/\/emisora.univalle.edu.co\/index.php\/wp-json\/wp\/v2\/categories?post=6168"},{"taxonomy":"post_tag","embeddable":true,"href":"https:\/\/emisora.univalle.edu.co\/index.php\/wp-json\/wp\/v2\/tags?post=6168"}],"curies":[{"name":"wp","href":"https:\/\/api.w.org\/{rel}","templated":true}]}}