{"id":6203,"date":"2015-08-18T15:44:10","date_gmt":"2015-08-18T20:44:10","guid":{"rendered":"https:\/\/emisora.univalle.edu.co\/\/?p=6203"},"modified":"2015-08-18T15:44:10","modified_gmt":"2015-08-18T20:44:10","slug":"trabajo-social-presenta-proyectos-para-la-barra-y-buenaventura","status":"publish","type":"post","link":"https:\/\/emisora.univalle.edu.co\/index.php\/trabajo-social-presenta-proyectos-para-la-barra-y-buenaventura\/","title":{"rendered":"Trabajo Social presenta proyectos para La Barra y Buenaventura"},"content":{"rendered":"<p>Con la entrega del documental \u201cEl sentido de la experiencia. La Barra-Buenaventura\u201d, los estudiantes de 7\u00b0 Semestre de la Escuela de Trabajo Social y Desarrollo Humano de la Facultad de Humanidades, devolvieron a la comunidad del Pac\u00edfico el apoyo que recibieron para realizar su pr\u00e1ctica acad\u00e9mica en las asignaturas Comunidad y Organizaciones, y Planeaci\u00f3n Social.<br \/>\nLa experiencia se complement\u00f3 con otros dos proyectos: \u201cPor un \u00f3ptimo manejo de los desechos org\u00e1nicos e inorg\u00e1nicos en la comunidad de La Barra\u201d; \u201cPrevenci\u00f3n de Enfermedades infectocontagiosas y promoci\u00f3n de pr\u00e1cticas de salubridad\u201d; y \u201cOrientaci\u00f3n en la construcci\u00f3n de proyectos de vida en j\u00f3venes de 10\u00b0 y 11\u00b0 de la Instituci\u00f3n Educativa Juanchaco\u201d.<br \/>\nLa experiencia comenz\u00f3 en 2014 y continu\u00f3 en 2015, y hoy los pobladores de esta regi\u00f3n que hace parte del Parque Nacional Uramba tienen en sus manos los resultados del acercamiento que hizo la Escuela de Trabajo Social y Desarrollo Humano en el reconocimiento de contextos y procesos comunitarios, como parte de la formaci\u00f3n acad\u00e9mica de los futuros profesionales.<br \/>\nSobre el objetivo de la actividad, la profesora Martha Luc\u00eda Echeverry, quien lider\u00f3 junto a los profesores Anc\u00edzar Castro y Jes\u00fas S\u00e1nchez las salidas de campo (2) que involucraron a 110 estudiantes entre 2014 y 2015, habl\u00f3 \u201cde un espacio en el cual los estudiantes puedan experimentar la vida en comunidad y abordar desde all\u00ed categor\u00edas de an\u00e1lisis como organizaci\u00f3n, participaci\u00f3n y acci\u00f3n colectiva\u201d.<br \/>\nPor su parte, la estudiante Ang\u00e9lica Pe\u00f1a cont\u00f3 que, durante el primer viaje a La Barra, hicieron un reconocimiento del territorio y entraron en contacto con la poblaci\u00f3n haciendo su historia de vida e identificaron maneras de intervenci\u00f3n desde el Trabajo Social, lo cual dio como resultado los trabajos mencionados.<\/p>\n<p>Pe\u00f1a hizo parte del grupo de universitarios que elabor\u00f3 el documento Orientaci\u00f3n en la construcci\u00f3n de proyectos de vida en j\u00f3venes de 10\u00b0 y 11\u00b0 de la Instituci\u00f3n Educativa Juanchaco, el cual estaba dirigido a hacer una inducci\u00f3n de las posibilidades que la Universidad del Valle ofrece a los futuros bachilleres.<br \/>\n\u201cEsto nos permiti\u00f3 interactuar con los j\u00f3venes\u201d, relat\u00f3 Pe\u00f1a, \u201cas\u00ed como conocer sus inquietudes y mostrarles la oferta acad\u00e9mica de la Universidad de acuerdo con sus expectativas e intereses, con el objetivo de que construyan un proyecto de vida\u201d.<br \/>\nEl recorrido por el territorio; el encuentro con representantes de las organizaciones sociales de La Barra, lo mismo que de Juanchaco y Ladrilleros; la realizaci\u00f3n de una cartograf\u00eda social; el registro fotogr\u00e1fico y audiovisual; y un taller sobre la formulaci\u00f3n de proyectos sociales, fueron tareas que se cumplieron en las salidas.<br \/>\nEl video \u201cEl sentido de la Experiencia. La Barra-Buenaventura\u201d, que fue presentado a la comunidad, es una muestra del acierto que constituy\u00f3 este esfuerzo de la Escuela de Trabajo Social y Desarrollo Humano por unir la academia a la pr\u00e1ctica social.<br \/>\nEn el video realizado por los estudiantes de Trabajo Social se destacan los aportes a la construcci\u00f3n de la historia de La Barra y la exposici\u00f3n de sus problemas, en especial el que tiene que ver con la titulaci\u00f3n de tierras y la reubicaci\u00f3n del caser\u00edo afectado gravemente por constantes inundaciones, como consecuencia de un fen\u00f3meno natural que ha llevado a que el mar gane cada vez m\u00e1s terreno exponiendo a la poblaci\u00f3n.<br \/>\nDe esta problem\u00e1tica hacen menci\u00f3n los estudiantes en las entrevistas que realizaron a los representantes comunitarios, entre ellos: Alexis Mosquera, Colombia Salazar y Amanda Mondrag\u00f3n.<br \/>\nVER VIDEO: https:\/\/drive.google.com\/file\/d\/0B3166DOwyCu0X0ZIWmNaRWFHZEk\/view?pli=1<br \/>\nFuente: Agencia de Noticias Univalle<\/p>\n","protected":false},"excerpt":{"rendered":"<p>Con la entrega del documental \u201cEl sentido de la experiencia. La Barra-Buenaventura\u201d, los estudiantes de 7\u00b0 Semestre de la Escuela de Trabajo Social y Desarrollo Humano de la Facultad de Humanidades, devolvieron a la comunidad del Pac\u00edfico el apoyo que recibieron para realizar su pr\u00e1ctica acad\u00e9mica en las asignaturas Comunidad[&#8230;]<\/p>\n","protected":false},"author":1,"featured_media":6197,"comment_status":"open","ping_status":"open","sticky":false,"template":"","format":"standard","meta":{"footnotes":""},"categories":[4],"tags":[],"_links":{"self":[{"href":"https:\/\/emisora.univalle.edu.co\/index.php\/wp-json\/wp\/v2\/posts\/6203"}],"collection":[{"href":"https:\/\/emisora.univalle.edu.co\/index.php\/wp-json\/wp\/v2\/posts"}],"about":[{"href":"https:\/\/emisora.univalle.edu.co\/index.php\/wp-json\/wp\/v2\/types\/post"}],"author":[{"embeddable":true,"href":"https:\/\/emisora.univalle.edu.co\/index.php\/wp-json\/wp\/v2\/users\/1"}],"replies":[{"embeddable":true,"href":"https:\/\/emisora.univalle.edu.co\/index.php\/wp-json\/wp\/v2\/comments?post=6203"}],"version-history":[{"count":1,"href":"https:\/\/emisora.univalle.edu.co\/index.php\/wp-json\/wp\/v2\/posts\/6203\/revisions"}],"predecessor-version":[{"id":6204,"href":"https:\/\/emisora.univalle.edu.co\/index.php\/wp-json\/wp\/v2\/posts\/6203\/revisions\/6204"}],"wp:featuredmedia":[{"embeddable":true,"href":"https:\/\/emisora.univalle.edu.co\/index.php\/wp-json\/wp\/v2\/media\/6197"}],"wp:attachment":[{"href":"https:\/\/emisora.univalle.edu.co\/index.php\/wp-json\/wp\/v2\/media?parent=6203"}],"wp:term":[{"taxonomy":"category","embeddable":true,"href":"https:\/\/emisora.univalle.edu.co\/index.php\/wp-json\/wp\/v2\/categories?post=6203"},{"taxonomy":"post_tag","embeddable":true,"href":"https:\/\/emisora.univalle.edu.co\/index.php\/wp-json\/wp\/v2\/tags?post=6203"}],"curies":[{"name":"wp","href":"https:\/\/api.w.org\/{rel}","templated":true}]}}