{"id":6205,"date":"2015-08-18T15:47:58","date_gmt":"2015-08-18T20:47:58","guid":{"rendered":"https:\/\/emisora.univalle.edu.co\/\/?p=6205"},"modified":"2015-08-18T15:47:58","modified_gmt":"2015-08-18T20:47:58","slug":"nominados-al-premio-de-periodismo-y-reporteria-grafica-alfonso-bonilla-aragon","status":"publish","type":"post","link":"https:\/\/emisora.univalle.edu.co\/index.php\/nominados-al-premio-de-periodismo-y-reporteria-grafica-alfonso-bonilla-aragon\/","title":{"rendered":"Nominados al Premio de Periodismo y Reporter\u00eda Gr\u00e1fica Alfonso Bonilla Arag\u00f3n"},"content":{"rendered":"<p>El jurado calificador de los Premios de Periodismo y Reporter\u00eda Gr\u00e1fica Alfonso Bonilla Arag\u00f3n ya tiene los nominados de cada una de las 12 categor\u00edas que hay en esta versi\u00f3n XXXV.<br \/>\nSer\u00e1n galardonados los mejores trabajos por su valor noticioso, investigativo, por la oportunidad y el aporte que hacen al desarrollo de nuestra ciudad en cada una de las diferentes modalidades.<br \/>\nHarold Jim\u00e9nez Alarc\u00f3n, asesor de la Oficina de Comunicaciones de la Alcald\u00eda de Cali, expres\u00f3 que se dan a conocer los mejores trabajos de las 12 categor\u00edas despu\u00e9s de varios d\u00edas de deliberaci\u00f3n de los jurados.<br \/>\n\u201cEste a\u00f1o hubo una nueva modalidad que es periodismo positivo, la cual tuvo muy buena acogida, todas contaron con jurados expertos en cada tema, que estamos seguros reconocieron el valor period\u00edstico y el aporte que hacen\u201d.<br \/>\nEl asesor de Comunicaciones a\u00f1adi\u00f3: \u201cInvitamos a que nos acompa\u00f1en en la ceremonia de premiaci\u00f3n que ser\u00e1 el pr\u00f3ximo viernes 21 de agosto en el Teatro Estudio de Telepac\u00edfico, a partir de las 6:30 p.m.\u201d.<br \/>\nLos ganadores en cada categor\u00eda recibir\u00e1n un premio de $5 millones. Los nominados de las 12 categor\u00edas son:<br \/>\n1. Radio:<br \/>\n1. La Injusticia de la Justicia<br \/>\nAutor: Carlos Fernando Forero de RCN<br \/>\n2. Los Ni\u00f1os Olvidados de Garavito,<br \/>\nAutor: Juan Carlos D\u00edaz de Caracol<br \/>\n3. El Peat\u00f3n y su faceta de abandono<br \/>\nAutor Luis Alfonso Cruz de RCN<\/p>\n<p>2. Prensa:<br \/>\n1. \u201cEn El Calvario, escuchar ayuda a combatir el narcomenudeo\u201d<br \/>\nAutor: Patricia Elena Aley de El Tiempo<br \/>\n2. La mitad del blanco que consume en el Valle es falso\u201d<br \/>\nAutor: Hugo Mario C\u00e1rdenas de El Pa\u00eds<br \/>\n3. \u00abLa Tribu que le hace frente a la violencia\u00bb<br \/>\nAutor: Carolina Boh\u00f3rquez  de El Tiempo.<\/p>\n<p>3. Televisi\u00f3n:<br \/>\n1. Puente Nayero<br \/>\nAutor: Gildardo Arango, Noticiero M\u00e1s Pac\u00edfico<br \/>\n2. Samaritanos de la Calle<br \/>\nAutor: Centro de Producci\u00f3n Audiovisual Santiago de Cali<br \/>\n3. Cuando solo hay hambre<br \/>\nAutor: Cr\u00f3nica con K<\/p>\n<p>4. Reporter\u00eda Gr\u00e1fica en Prensa:<br \/>\n1. Guardianas de la Tradici\u00f3n<br \/>\nAutor: Jorge Eli\u00e9cer Orozco de El Pa\u00eds<br \/>\n2. El sue\u00f1o hecho realidad de la comunidad embera kat\u00edo<br \/>\nAutor: Santiago Saldarriaga de El Tiempo<br \/>\n3. As\u00ed trabajan los bomberos para controlar incendio forestal en Yumbo<br \/>\nJuan Pablo Rueda de El Tiempo<\/p>\n<p>5. Reporter\u00eda Gr\u00e1fica en Televisi\u00f3n:<br \/>\n1. Adi\u00f3s al Calvario<br \/>\nAutor: Giovanny Le\u00f3n de Cr\u00f3nicas con K de Telepac\u00edfico<br \/>\n2. Ambulancias, guerra a muerte por la vida<br \/>\nAutor: Rodrigo Bravo del Noticiero Noventa Minutos<br \/>\n3. Nocaut<br \/>\nAutor: Edwin Z\u00fa\u00f1iga de Telepac\u00edfico<\/p>\n<p>6. Ecolog\u00eda y Medio Ambiente<br \/>\n1. Los r\u00edos de Cali en jaque<br \/>\nAutor: Carolina Boh\u00f3rquez, grupo de El Tiempo<br \/>\n2. La Basura que nos invade<br \/>\nAutor: \u00d3mar Qui\u00f1\u00f3nez de Cr\u00f3nicas con K<br \/>\n3. Ecocidio del Chontaduro<br \/>\nAutor: Joaqu\u00edn Alfonso Rojas, de Habitat Producciones<\/p>\n<p>7. Deportivo<br \/>\n1. El saco de las emociones<br \/>\nAutor: Kike Rengifo, de Cr\u00f3nica con K<br \/>\n2. La de Hellen una vida de ca\u00eddas y de glorias<br \/>\nAutor: Diana Carolina Hern\u00e1ndez, de El Pa\u00eds<br \/>\n3. El camino de un canterano<br \/>\nAutor: Carlos Plaza de Noventa Minutos<\/p>\n<p>8. Electr\u00f3nico<br \/>\n1. \u00bfUn sue\u00f1o atravesado por un r\u00edo?<br \/>\nAutor: Jhonathan Herrera, de El Pa\u00eds<br \/>\n2. As\u00ed vivo la copa<br \/>\nAutor: \u00c1ngela Lozano,  90 Minutos<\/p>\n<p>9. Feria de Cali<br \/>\n1. Noticiero de la Feria<br \/>\nAutor: Noticiero Noti5<br \/>\n2. Cubrimiento Feria de Cali<br \/>\nAutor: Claudia Bedoya, Portal Web El Pa\u00eds<br \/>\n3. Una feria con Altura<br \/>\nAutor: Carlos Andr\u00e9s Aponte, Noticiero 90 minutos<\/p>\n<p>10. Equidad de g\u00e9nero<br \/>\n1. Identidad de g\u00e9nero<br \/>\nAutor: Nelson Montoya de Tiempo Real<br \/>\n2. Deshojando a Florence<br \/>\nAutor: Rosa Isabel Pel\u00e1ez Rodr\u00edguez de El Pa\u00eds<\/p>\n<p>11. Universitario<br \/>\n1. \u00abEscombros de un Imperio: Las R\u00e9plicas del Narcotr\u00e1fico en Cali\u00bb<br \/>\nAutor: Alfonso Torres L\u00f3pez, de Univalle Stereo<br \/>\n2. El fin Justifica la violencia<br \/>\nAutor: Catalina Garc\u00e9s de Onda Uao<br \/>\n3. Voces de Potrero Grande<br \/>\nAutor: Gilberto Zapata. Emisora Virtual 360 Universidad Cat\u00f3lica<\/p>\n<p>12. Positivo<br \/>\n1. Ajedrez y Valores<br \/>\nAutora: Clara Roc\u00edo Bonilla de Caracol T.V<br \/>\n2. Cali de verdad<br \/>\nLuis Fernando Ronderos de Tiempo Real<\/p>\n","protected":false},"excerpt":{"rendered":"<p>El jurado calificador de los Premios de Periodismo y Reporter\u00eda Gr\u00e1fica Alfonso Bonilla Arag\u00f3n ya tiene los nominados de cada una de las 12 categor\u00edas que hay en esta versi\u00f3n XXXV. Ser\u00e1n galardonados los mejores trabajos por su valor noticioso, investigativo, por la oportunidad y el aporte que hacen al[&#8230;]<\/p>\n","protected":false},"author":1,"featured_media":6206,"comment_status":"open","ping_status":"open","sticky":false,"template":"","format":"standard","meta":{"footnotes":""},"categories":[4],"tags":[],"_links":{"self":[{"href":"https:\/\/emisora.univalle.edu.co\/index.php\/wp-json\/wp\/v2\/posts\/6205"}],"collection":[{"href":"https:\/\/emisora.univalle.edu.co\/index.php\/wp-json\/wp\/v2\/posts"}],"about":[{"href":"https:\/\/emisora.univalle.edu.co\/index.php\/wp-json\/wp\/v2\/types\/post"}],"author":[{"embeddable":true,"href":"https:\/\/emisora.univalle.edu.co\/index.php\/wp-json\/wp\/v2\/users\/1"}],"replies":[{"embeddable":true,"href":"https:\/\/emisora.univalle.edu.co\/index.php\/wp-json\/wp\/v2\/comments?post=6205"}],"version-history":[{"count":1,"href":"https:\/\/emisora.univalle.edu.co\/index.php\/wp-json\/wp\/v2\/posts\/6205\/revisions"}],"predecessor-version":[{"id":6207,"href":"https:\/\/emisora.univalle.edu.co\/index.php\/wp-json\/wp\/v2\/posts\/6205\/revisions\/6207"}],"wp:featuredmedia":[{"embeddable":true,"href":"https:\/\/emisora.univalle.edu.co\/index.php\/wp-json\/wp\/v2\/media\/6206"}],"wp:attachment":[{"href":"https:\/\/emisora.univalle.edu.co\/index.php\/wp-json\/wp\/v2\/media?parent=6205"}],"wp:term":[{"taxonomy":"category","embeddable":true,"href":"https:\/\/emisora.univalle.edu.co\/index.php\/wp-json\/wp\/v2\/categories?post=6205"},{"taxonomy":"post_tag","embeddable":true,"href":"https:\/\/emisora.univalle.edu.co\/index.php\/wp-json\/wp\/v2\/tags?post=6205"}],"curies":[{"name":"wp","href":"https:\/\/api.w.org\/{rel}","templated":true}]}}