{"id":6212,"date":"2015-08-18T16:03:28","date_gmt":"2015-08-18T21:03:28","guid":{"rendered":"https:\/\/emisora.univalle.edu.co\/\/?p=6212"},"modified":"2015-08-18T16:03:28","modified_gmt":"2015-08-18T21:03:28","slug":"gobernador-ubeimar-delgado-pidio-terna-univalle-para-designar-director-encargado-del-huv","status":"publish","type":"post","link":"https:\/\/emisora.univalle.edu.co\/index.php\/gobernador-ubeimar-delgado-pidio-terna-univalle-para-designar-director-encargado-del-huv\/","title":{"rendered":"Gobernador Ubeimar Delgado pidi\u00f3 terna a Univalle para designar director encargado del HUV"},"content":{"rendered":"<p>En el marco de una reuni\u00f3n de la junta directiva del Hospital Universitario del Valle, convocada por el Gobernador Ubeimar Delgado Bland\u00f3n, el mandatario vallecaucano reiter\u00f3 su prop\u00f3sito a las directivas de la Universidad del Valle que sea el Alma Mater la que contin\u00fae direccionando ese centro hospitalario.<br \/>\n\u201cHe convocado a la junta directiva del hospital con un qu\u00f3rum decisorio, les he propuesto como gobernador depositar y renovar todo el respaldo a la Universidad para que sea la que contin\u00fae asesorando y apoyando el gobierno departamental con la direcci\u00f3n del Hospital Universidad del Valle. Le he pedido una terna a las directivas, les he sugerido que se tomen estos tres d\u00edas del puente y la pr\u00f3xima semana me entreguen la terna para designar el director encargado\u201d, indic\u00f3 Ubeimar Delgado.<br \/>\nPor su parte, el rector de la Universidad del Valle Iv\u00e1n Enrique Ramos agradeci\u00f3 el gesto del gobernador de depositar su confianza en el centro universitario, \u201ccomo rector de la universidad me siento muy complacido del respaldo del se\u00f1or gobernador y en este caso entregaremos una terna de profesores de Univalle para la designaci\u00f3n del director del HUV; para la universidad el hospital es fundamental, hemos mantenido nuestro compromiso  con el HUV,  m\u00e1s en este momento que presenta una situaci\u00f3n muy delicada y no solamente apoyaremos con el director sino con el acompa\u00f1amiento de un  equipo t\u00e9cnico para que nos ayude a resolver las diferentes situaciones que afronta este centro hospitalario\u201d, puntualiz\u00f3 Iv\u00e1n Ramos.<br \/>\nA la junta directiva asistieron los diferentes delegados de las entidades que integran dicha instancia.<\/p>\n","protected":false},"excerpt":{"rendered":"<p>En el marco de una reuni\u00f3n de la junta directiva del Hospital Universitario del Valle, convocada por el Gobernador Ubeimar Delgado Bland\u00f3n, el mandatario vallecaucano reiter\u00f3 su prop\u00f3sito a las directivas de la Universidad del Valle que sea el Alma Mater la que contin\u00fae direccionando ese centro hospitalario. \u201cHe convocado[&#8230;]<\/p>\n","protected":false},"author":1,"featured_media":5682,"comment_status":"open","ping_status":"open","sticky":false,"template":"","format":"standard","meta":{"footnotes":""},"categories":[4],"tags":[],"_links":{"self":[{"href":"https:\/\/emisora.univalle.edu.co\/index.php\/wp-json\/wp\/v2\/posts\/6212"}],"collection":[{"href":"https:\/\/emisora.univalle.edu.co\/index.php\/wp-json\/wp\/v2\/posts"}],"about":[{"href":"https:\/\/emisora.univalle.edu.co\/index.php\/wp-json\/wp\/v2\/types\/post"}],"author":[{"embeddable":true,"href":"https:\/\/emisora.univalle.edu.co\/index.php\/wp-json\/wp\/v2\/users\/1"}],"replies":[{"embeddable":true,"href":"https:\/\/emisora.univalle.edu.co\/index.php\/wp-json\/wp\/v2\/comments?post=6212"}],"version-history":[{"count":1,"href":"https:\/\/emisora.univalle.edu.co\/index.php\/wp-json\/wp\/v2\/posts\/6212\/revisions"}],"predecessor-version":[{"id":6213,"href":"https:\/\/emisora.univalle.edu.co\/index.php\/wp-json\/wp\/v2\/posts\/6212\/revisions\/6213"}],"wp:featuredmedia":[{"embeddable":true,"href":"https:\/\/emisora.univalle.edu.co\/index.php\/wp-json\/wp\/v2\/media\/5682"}],"wp:attachment":[{"href":"https:\/\/emisora.univalle.edu.co\/index.php\/wp-json\/wp\/v2\/media?parent=6212"}],"wp:term":[{"taxonomy":"category","embeddable":true,"href":"https:\/\/emisora.univalle.edu.co\/index.php\/wp-json\/wp\/v2\/categories?post=6212"},{"taxonomy":"post_tag","embeddable":true,"href":"https:\/\/emisora.univalle.edu.co\/index.php\/wp-json\/wp\/v2\/tags?post=6212"}],"curies":[{"name":"wp","href":"https:\/\/api.w.org\/{rel}","templated":true}]}}