{"id":6214,"date":"2015-08-18T16:05:28","date_gmt":"2015-08-18T21:05:28","guid":{"rendered":"https:\/\/emisora.univalle.edu.co\/\/?p=6214"},"modified":"2015-08-18T16:10:31","modified_gmt":"2015-08-18T21:10:31","slug":"hasta-el-30-de-agosto-estara-abierta-la-convocatoria-al-premio-global-del-maestro","status":"publish","type":"post","link":"https:\/\/emisora.univalle.edu.co\/index.php\/hasta-el-30-de-agosto-estara-abierta-la-convocatoria-al-premio-global-del-maestro\/","title":{"rendered":"Hasta el 30 de agosto estar\u00e1 abierta la Convocatoria al Premio Global del Maestro"},"content":{"rendered":"<p>En el marco del Reconocimiento a la Excelencia Docente, que tiene como objetivo incentivar el esfuerzo, el compromiso y la dedicaci\u00f3n de los maestros, el Ministerio de Educaci\u00f3n Nacional abre una convocatoria que ir\u00e1 hasta el 30 de agosto de 2015, para postular a los mejores docentes de colegios oficiales del pa\u00eds, que est\u00e9n activos, al Premio Global del Maestro (Global Teacher Prize, por sus siglas en ingl\u00e9s).<br \/>\n\u00abEn Colombia estamos dando un giro para lograr que la profesi\u00f3n docente sea una de las m\u00e1s valoradas en el pa\u00eds, y parte de los esfuerzos consiste en reconocer la labor que hacen nuestros maestros d\u00eda a d\u00eda en el aula de clase. Sabemos que tenemos excelentes docentes que pueden competir con los mejores del mundo. Por eso, logramos aliarnos con la Fundaci\u00f3n Varkey, que dirige este premio, para nominar a nuestros mejores representantes\u00bb, indic\u00f3 el Viceministro de Educaci\u00f3n Preescolar, B\u00e1sica y Media, Luis Garc\u00eda de Brigard.<br \/>\nEl Premio Global del Maestro, que este a\u00f1o tendr\u00e1 su segunda versi\u00f3n, es un reconocimiento internacional otorgado al docente m\u00e1s innovador, comprometido e inspirador, que con su labor diaria en las aulas de clase genera un impacto positivo y transformador en sus alumnos y la comunidad que lo rodea.<br \/>\nEl ganador recibir\u00e1, por parte de la Fundaci\u00f3n Varkey, 1 mill\u00f3n de d\u00f3lares que se pagar\u00e1 en cuotas anuales iguales de 100.000 d\u00f3lares estadounidenses durante un per\u00edodo de 10 a\u00f1os, sujetas a tasas y retenciones requeridas por la legislaci\u00f3n aplicable.<br \/>\nAs\u00ed mismo, el maestro ganador, durante un per\u00edodo de cinco (5) a\u00f1os a partir de la recepci\u00f3n del premio, debe: (i) continuar ense\u00f1ando y proveyendo apoyo educativo a alumnos de 5 a 18 a\u00f1os en el \u00e1mbito escolar y (ii) servir como embajador global para la Fundaci\u00f3n Varkey (Varkey GEMS Foundation, por sus siglas en ingl\u00e9s).<br \/>\nEste galard\u00f3n es patrocinado por la Fundaci\u00f3n Varkey, una organizaci\u00f3n sin \u00e1nimo de lucro, que tiene por objetivo mejorar los est\u00e1ndares de educaci\u00f3n para ni\u00f1os desfavorecidos en el mundo, a trav\u00e9s de proyectos que animan a la matr\u00edcula escolar, cursos de formaci\u00f3n para profesores en todo el mundo y campa\u00f1as de promoci\u00f3n de la educaci\u00f3n.<br \/>\nEl ganador ser\u00e1 elegido por la important Academia del Premio Global del Maestro, compuesta por directores de escuela, expertos en educaci\u00f3n, comentaristas, periodistas, funcionarios p\u00fablicos, emprendedores tecnol\u00f3gicos, directores de empresas y cient\u00edficos de todo el mundo.<br \/>\nPara postularse o postular a alg\u00fan maestro en la convocatoria que el Ministerio de Educaci\u00f3n tiene dispuesta para el Premio Global del Maestro, debe seguir los siguientes pasos:<br \/>\nRegistrarse en el portal Colombia Aprende www.colombiaaprende.edu.co. Entrar a RedMaestros y hacer click en Reconocimientos a la Excelencia Docente. All\u00ed encontrar\u00e1 la categor\u00eda de Global Teacher Prize<br \/>\nEn los t\u00e9rminos de referencia encontrar\u00e1 los criterios de selecci\u00f3n que el Ministerio de Educaci\u00f3n considera que debe tener un Maestro Excelente: Reconocimiento p\u00fablico de sus logros en el aula y m\u00e1s all\u00e1 de \u00e9sta. Incentivar a otros para que se sumen a la labor docente. Aplicaci\u00f3n de pr\u00e1cticas instructivas innovadoras y eficaces. Resultados de aprendizaje demostrables en el aula. Logros en la comunidad.Educaci\u00f3n basada en valores de ciudadanos globales.<br \/>\nEl paso siguiente es, responder seis preguntas que demostrar\u00e1n si el postulado es un maestro excepcional.<br \/>\nRecuerde tambi\u00e9n diligenciar los campos del formulario de inscripci\u00f3n correspondientes a su informaci\u00f3n de contacto, as\u00ed como del colegio en el que trabaja y fotos o videos que muestren su desempe\u00f1o como Maestro Excelente.<br \/>\nFuente: Comunicaciones Ministerio de Educaci\u00f3n<\/p>\n","protected":false},"excerpt":{"rendered":"<p>En el marco del Reconocimiento a la Excelencia Docente, que tiene como objetivo incentivar el esfuerzo, el compromiso y la dedicaci\u00f3n de los maestros, el Ministerio de Educaci\u00f3n Nacional abre una convocatoria que ir\u00e1 hasta el 30 de agosto de 2015, para postular a los mejores docentes de colegios oficiales[&#8230;]<\/p>\n","protected":false},"author":1,"featured_media":6198,"comment_status":"open","ping_status":"open","sticky":false,"template":"","format":"standard","meta":{"footnotes":""},"categories":[4],"tags":[],"_links":{"self":[{"href":"https:\/\/emisora.univalle.edu.co\/index.php\/wp-json\/wp\/v2\/posts\/6214"}],"collection":[{"href":"https:\/\/emisora.univalle.edu.co\/index.php\/wp-json\/wp\/v2\/posts"}],"about":[{"href":"https:\/\/emisora.univalle.edu.co\/index.php\/wp-json\/wp\/v2\/types\/post"}],"author":[{"embeddable":true,"href":"https:\/\/emisora.univalle.edu.co\/index.php\/wp-json\/wp\/v2\/users\/1"}],"replies":[{"embeddable":true,"href":"https:\/\/emisora.univalle.edu.co\/index.php\/wp-json\/wp\/v2\/comments?post=6214"}],"version-history":[{"count":2,"href":"https:\/\/emisora.univalle.edu.co\/index.php\/wp-json\/wp\/v2\/posts\/6214\/revisions"}],"predecessor-version":[{"id":6219,"href":"https:\/\/emisora.univalle.edu.co\/index.php\/wp-json\/wp\/v2\/posts\/6214\/revisions\/6219"}],"wp:featuredmedia":[{"embeddable":true,"href":"https:\/\/emisora.univalle.edu.co\/index.php\/wp-json\/wp\/v2\/media\/6198"}],"wp:attachment":[{"href":"https:\/\/emisora.univalle.edu.co\/index.php\/wp-json\/wp\/v2\/media?parent=6214"}],"wp:term":[{"taxonomy":"category","embeddable":true,"href":"https:\/\/emisora.univalle.edu.co\/index.php\/wp-json\/wp\/v2\/categories?post=6214"},{"taxonomy":"post_tag","embeddable":true,"href":"https:\/\/emisora.univalle.edu.co\/index.php\/wp-json\/wp\/v2\/tags?post=6214"}],"curies":[{"name":"wp","href":"https:\/\/api.w.org\/{rel}","templated":true}]}}