{"id":6242,"date":"2015-08-19T11:04:19","date_gmt":"2015-08-19T16:04:19","guid":{"rendered":"https:\/\/emisora.univalle.edu.co\/\/?p=6242"},"modified":"2015-08-19T11:04:19","modified_gmt":"2015-08-19T16:04:19","slug":"gobernador-condecoro-en-tulua-joven-ejemplo-vallecaucano","status":"publish","type":"post","link":"https:\/\/emisora.univalle.edu.co\/index.php\/gobernador-condecoro-en-tulua-joven-ejemplo-vallecaucano\/","title":{"rendered":"Gobernador condecor\u00f3 en Tulu\u00e1 a joven ejemplo vallecaucano"},"content":{"rendered":"<p>En el marco de un evento denominado \u2018estudiantes buena nota\u2019 donde fueron premiados los mejores promedios de la UCEVA \u2013 Unidad Central del Valle en Tulu\u00e1, el Gobernador del Valle del Cauca Ubeimar Delgado Bland\u00f3n condecor\u00f3 con la Cruz de Comendador a joven en situaci\u00f3n de discapacidad, Licenciado en Educaci\u00f3n B\u00e1sica y campe\u00f3n nacional de nataci\u00f3n Andr\u00e9s Felipe Serna Gonz\u00e1lez.<br \/>\n\u201cEste joven es un ejemplo para toda la comunidad vallecaucana y en especial para la juventud, porque su discapacidad no le impidi\u00f3 desarrollar estas actividades tan destacadas a la vez. Fue campe\u00f3n nacional de nataci\u00f3n por el Valle en 2009 y 2010, adem\u00e1s de eso hoy est\u00e1 recibiendo su licenciatura en educaci\u00f3n b\u00e1sica con \u00e9nfasis en educaci\u00f3n f\u00edsica y deportes. Quiero felicitar a todos los estudiantes de la UCEVA que han obtenido un promedio sobresaliente y se han convertido en motivo de exaltar ante toda la comunidad educativa de esta instituci\u00f3n\u201d, manifest\u00f3 el primer mandatario del departamento, Ubeimar Delgado Bland\u00f3n.<br \/>\nAndr\u00e9s Felipe Serna, Licenciado en Educaci\u00f3n B\u00e1sica y Campe\u00f3n nacional de Nataci\u00f3n, agradeci\u00f3 al Gobernador y manifest\u00f3 que \u201csiento una gran emoci\u00f3n y gracias al se\u00f1or Gobernador Ubeimar Delgado por reconocer mi trabajo deportivo y mi proceso acad\u00e9mico. Estoy muy feliz porque este reconocimiento no es solo m\u00edo sino tambi\u00e9n de toda mi familia\u201d.<br \/>\nDurante el acto protocolario, se entregaron los reconocimientos por parte de los directivos de la Universidad a todos los estudiantes que obtuvieron los altos puntajes de cada facultad.<br \/>\nFuente: Comunicaciones Gobernaci\u00f3n<\/p>\n","protected":false},"excerpt":{"rendered":"<p>En el marco de un evento denominado \u2018estudiantes buena nota\u2019 donde fueron premiados los mejores promedios de la UCEVA \u2013 Unidad Central del Valle en Tulu\u00e1, el Gobernador del Valle del Cauca Ubeimar Delgado Bland\u00f3n condecor\u00f3 con la Cruz de Comendador a joven en situaci\u00f3n de discapacidad, Licenciado en Educaci\u00f3n[&#8230;]<\/p>\n","protected":false},"author":1,"featured_media":6195,"comment_status":"open","ping_status":"open","sticky":false,"template":"","format":"standard","meta":{"footnotes":""},"categories":[4],"tags":[],"_links":{"self":[{"href":"https:\/\/emisora.univalle.edu.co\/index.php\/wp-json\/wp\/v2\/posts\/6242"}],"collection":[{"href":"https:\/\/emisora.univalle.edu.co\/index.php\/wp-json\/wp\/v2\/posts"}],"about":[{"href":"https:\/\/emisora.univalle.edu.co\/index.php\/wp-json\/wp\/v2\/types\/post"}],"author":[{"embeddable":true,"href":"https:\/\/emisora.univalle.edu.co\/index.php\/wp-json\/wp\/v2\/users\/1"}],"replies":[{"embeddable":true,"href":"https:\/\/emisora.univalle.edu.co\/index.php\/wp-json\/wp\/v2\/comments?post=6242"}],"version-history":[{"count":1,"href":"https:\/\/emisora.univalle.edu.co\/index.php\/wp-json\/wp\/v2\/posts\/6242\/revisions"}],"predecessor-version":[{"id":6243,"href":"https:\/\/emisora.univalle.edu.co\/index.php\/wp-json\/wp\/v2\/posts\/6242\/revisions\/6243"}],"wp:featuredmedia":[{"embeddable":true,"href":"https:\/\/emisora.univalle.edu.co\/index.php\/wp-json\/wp\/v2\/media\/6195"}],"wp:attachment":[{"href":"https:\/\/emisora.univalle.edu.co\/index.php\/wp-json\/wp\/v2\/media?parent=6242"}],"wp:term":[{"taxonomy":"category","embeddable":true,"href":"https:\/\/emisora.univalle.edu.co\/index.php\/wp-json\/wp\/v2\/categories?post=6242"},{"taxonomy":"post_tag","embeddable":true,"href":"https:\/\/emisora.univalle.edu.co\/index.php\/wp-json\/wp\/v2\/tags?post=6242"}],"curies":[{"name":"wp","href":"https:\/\/api.w.org\/{rel}","templated":true}]}}