{"id":6246,"date":"2015-08-19T11:08:36","date_gmt":"2015-08-19T16:08:36","guid":{"rendered":"https:\/\/emisora.univalle.edu.co\/\/?p=6246"},"modified":"2015-08-19T11:08:36","modified_gmt":"2015-08-19T16:08:36","slug":"alcalde-sanciono-acuerdo-que-desafecta-zonas-verdes-para-estacion-julio-rincon","status":"publish","type":"post","link":"https:\/\/emisora.univalle.edu.co\/index.php\/alcalde-sanciono-acuerdo-que-desafecta-zonas-verdes-para-estacion-julio-rincon\/","title":{"rendered":"Alcalde sancion\u00f3 acuerdo que desafecta zonas verdes para estaci\u00f3n Julio Rinc\u00f3n"},"content":{"rendered":"<p>Cerca de 1027 m2 de zonas verdes aleda\u00f1as a la estaci\u00f3n intermedia Julio Rinc\u00f3n o m\u00e1s conocida como estaci\u00f3n Calipso, fueron desafectadas por el Concejo y en cerca de un mes ser\u00e1n adecuadas para el disfrute de los usuarios del MIO de este sector de la ciudad.<br \/>\nEl Acuerdo 0389 del 14 de agosto de 2015 permitir\u00e1 que la obra troncal que desarrolla Metrocali y mejorar\u00e1 la calidad de vida de la comunidad del sector, la seguridad y la cobertura del servicio de transporte p\u00fablico masivo.<br \/>\nEl \u00e1rea que estaba dispersa en la zona corresponde a cinco espacios que fueron remanentes de urbanizaci\u00f3n del barrio Julio Rinc\u00f3n y su impacto en el disfrute del espacio p\u00fablico y fueron desafectados para dar paso a obras complementarias del MIO que se requieren para que la estaci\u00f3n quede completa y est\u00e9ticamente terminada.<br \/>\nSeg\u00fan el Acuerdo Municipal, que tuvo como ponente a la concejal Noralba Garc\u00eda, a cambio de esta desafectaci\u00f3n se ceder\u00e1n zonas m\u00e1s amplias, que no son retales y que se constituyen en verdaderos espacios de recreaci\u00f3n pasiva y activa, localizados en la comuna afectada.<br \/>\nPara la concejal, \u201cel tramo denominado Empalme Vial Julio Rinc\u00f3n es mayor a la secci\u00f3n vial promedio y por ello se requiere la intervenci\u00f3n de algunas zonas verdes de la urbanizaci\u00f3n ah\u00ed existente. Con ello se integrar\u00e1 la infraestructura a los carriles exclusivos, las calzadas y el espacio del corredor troncal, facilitando los transbordos de las rutas que por ah\u00ed operan\u201d, a\u00f1adi\u00f3 la cabildante.<br \/>\nCon la implementaci\u00f3n del Acuerdo, se mejorar\u00e1n las condiciones de movilidad de la Autopista Sim\u00f3n Bol\u00edvar, una de las m\u00e1s importantes de la ciudad.<br \/>\nFuente: Comunicaciones Alcald\u00eda<\/p>\n","protected":false},"excerpt":{"rendered":"<p>Cerca de 1027 m2 de zonas verdes aleda\u00f1as a la estaci\u00f3n intermedia Julio Rinc\u00f3n o m\u00e1s conocida como estaci\u00f3n Calipso, fueron desafectadas por el Concejo y en cerca de un mes ser\u00e1n adecuadas para el disfrute de los usuarios del MIO de este sector de la ciudad. El Acuerdo 0389[&#8230;]<\/p>\n","protected":false},"author":1,"featured_media":6229,"comment_status":"open","ping_status":"open","sticky":false,"template":"","format":"standard","meta":{"footnotes":""},"categories":[4],"tags":[],"_links":{"self":[{"href":"https:\/\/emisora.univalle.edu.co\/index.php\/wp-json\/wp\/v2\/posts\/6246"}],"collection":[{"href":"https:\/\/emisora.univalle.edu.co\/index.php\/wp-json\/wp\/v2\/posts"}],"about":[{"href":"https:\/\/emisora.univalle.edu.co\/index.php\/wp-json\/wp\/v2\/types\/post"}],"author":[{"embeddable":true,"href":"https:\/\/emisora.univalle.edu.co\/index.php\/wp-json\/wp\/v2\/users\/1"}],"replies":[{"embeddable":true,"href":"https:\/\/emisora.univalle.edu.co\/index.php\/wp-json\/wp\/v2\/comments?post=6246"}],"version-history":[{"count":1,"href":"https:\/\/emisora.univalle.edu.co\/index.php\/wp-json\/wp\/v2\/posts\/6246\/revisions"}],"predecessor-version":[{"id":6247,"href":"https:\/\/emisora.univalle.edu.co\/index.php\/wp-json\/wp\/v2\/posts\/6246\/revisions\/6247"}],"wp:featuredmedia":[{"embeddable":true,"href":"https:\/\/emisora.univalle.edu.co\/index.php\/wp-json\/wp\/v2\/media\/6229"}],"wp:attachment":[{"href":"https:\/\/emisora.univalle.edu.co\/index.php\/wp-json\/wp\/v2\/media?parent=6246"}],"wp:term":[{"taxonomy":"category","embeddable":true,"href":"https:\/\/emisora.univalle.edu.co\/index.php\/wp-json\/wp\/v2\/categories?post=6246"},{"taxonomy":"post_tag","embeddable":true,"href":"https:\/\/emisora.univalle.edu.co\/index.php\/wp-json\/wp\/v2\/tags?post=6246"}],"curies":[{"name":"wp","href":"https:\/\/api.w.org\/{rel}","templated":true}]}}