{"id":6250,"date":"2015-08-19T11:12:03","date_gmt":"2015-08-19T16:12:03","guid":{"rendered":"https:\/\/emisora.univalle.edu.co\/\/?p=6250"},"modified":"2015-08-19T11:12:03","modified_gmt":"2015-08-19T16:12:03","slug":"ganadores-de-premio-mundial-de-arquitectura-impulsan-su-proyecto","status":"publish","type":"post","link":"https:\/\/emisora.univalle.edu.co\/index.php\/ganadores-de-premio-mundial-de-arquitectura-impulsan-su-proyecto\/","title":{"rendered":"Ganadores de Premio Mundial de arquitectura impulsan su proyecto"},"content":{"rendered":"<p>Los arquitectos egresados de la Universidad del Valle Mario Fernando Camargo G\u00f3mez y Luis Orlando Tomb\u00e9, quienes ganaron el galard\u00f3n de oro de los Premios Holcim de Construcci\u00f3n Sustentable para Latinoam\u00e9rica 2014 y recientemente el Oro Global de los Premios LafargeHolcim 2015 con su proyecto \u201cParque p\u00fablico en reservas de agua en Medell\u00edn\u201d, recibieron recursos para apoyar la ejecuci\u00f3n del mismo.<br \/>\nPor ambos galardones, LafargeHolcim Foundation entreg\u00f3 al proyecto un premio por 300.000 d\u00f3lares, que ser\u00e1n invertidos en promover la sostenibilidad de todos los programas educativos y culturales dirigidos a la comunidad.<br \/>\nLos arquitectos, parte del Colectivo 720, cedieron el premio para sacar adelante la construcci\u00f3n, ubicada en una propiedad de las Empresas P\u00fablicas de Medell\u00edn.<br \/>\nLa iniciativa, que ya est\u00e1 en ejecuci\u00f3n y que tendr\u00e1 un costo total de 9.600 millones de pesos, propone espacios urbanos alrededor de cuatro tanques del acueducto con alto componente de dise\u00f1o de arquitectura. Adem\u00e1s estar\u00e1 lista antes de finalizar el a\u00f1o.<br \/>\nSu impacto ser\u00e1 importante, si se tiene en cuenta que transformar\u00e1 un espacio p\u00fablico sin uso donde se aprovechan los elementos preexistentes del predio.<br \/>\nAll\u00ed se destinar\u00e1n \u00e1reas para la l\u00fadica, un auditorio al aire libre e instalaciones para que la comunidad realice diferentes actividades. La idea es que esta se apropie del lugar, que se ha identificado como Unidad de Vida Articulada.<br \/>\nEl arquitecto Mario Camargo destac\u00f3 que el proyecto urbano vincula los barrios aleda\u00f1os y tambi\u00e9n ahorra el costo de demolici\u00f3n y desperdicio de recursos. \u201cAdem\u00e1s,tiene un componente social de gran impacto, ya que le devuelve la ciudad a sus habitantes. Hasta ahora, el sitio estaba fuera de los limites, pero pronto todo el mundo ser\u00e1 capaz de utilizar y disfrutar el parque\u201d, asegur\u00f3.<br \/>\nEl Premio LafargeHolcim plantea un reto a los profesionales de la construcci\u00f3n. Seg\u00fan Bruno Stagno, jurado del Premio \u201cen lo social, estos son los llamados a orquestar y dirigir todo el proceso para materializar todos estos anhelos y dise\u00f1ar espacios para que la gente se sienta bien. Hay un hecho emotivo, ingrediente de cualquier construcci\u00f3n, que es evidente y vital para construir ciudad\u201d, expresa.<br \/>\nLos Holcim Awards es la competencia internacional m\u00e1s importante para el dise\u00f1o sostenible y se lleva a cabo cada tres a\u00f1os, entregando premios por cerca de 2 millones de d\u00f3lares.<br \/>\nEn los premios Holcim participaron m\u00e1s de 6.000 trabajos de todo el mundo. De ellos fueron seleccionados 15 proyectos en las categor\u00edas oro, plata y bronce en cinco regiones del mundo: Am\u00e9rica Latina, Am\u00e9rica del Norte, Europa, Asia-Pac\u00edfico y \u00c1frica-Medio Oriente.<br \/>\nEl dise\u00f1o de los cale\u00f1os Camargo y Tomb\u00e9, seg\u00fan el jurado calificador, abri\u00f3 una infraestructura oculta dentro de la ciudad para crear un espacio c\u00edvico en la que juegan un papel importante la arquitectura, el paisaje, la infraestructura y el dise\u00f1o urbano.<br \/>\nAdem\u00e1s, el jurado destac\u00f3 \u201cla cuidadosa integraci\u00f3n del conjunto en la estructura f\u00edsica y social en un esquema que es un modelo para las mejores pr\u00e1cticas que podr\u00edan servir de ejemplo a otras ciudades del mundo\u201d.<br \/>\nEl arquitecto Mario Camargo ha sido docente del \u00e1rea de taller de proyectos en la Escuela de Arquitectura. EL Arquitecto Orlando Tomb\u00e9 actualmente es docente activo en la misma \u00e1rea.<br \/>\nA principios del 2014, este proyecto tambi\u00e9n gan\u00f3 el Concurso P\u00fablico Nacional de Anteproyecto Urban\u00edstico y Arquitect\u00f3nico para dise\u00f1o del espacio p\u00fablico \u201cUVA Orfelinato de Medell\u00edn alrededor del tanque de abastecimiento de agua\u201d.<br \/>\nM\u00e1s informaci\u00f3n e im\u00e1genes del proyecto arquitect\u00f3nico aqu\u00ed. http:\/\/www.lafargeholcim-foundation.org\/Article\/global-holcim-awards-competition-announces-winners-for-2015<br \/>\nFuente: Agencia de Noticias Univalle<\/p>\n","protected":false},"excerpt":{"rendered":"<p>Los arquitectos egresados de la Universidad del Valle Mario Fernando Camargo G\u00f3mez y Luis Orlando Tomb\u00e9, quienes ganaron el galard\u00f3n de oro de los Premios Holcim de Construcci\u00f3n Sustentable para Latinoam\u00e9rica 2014 y recientemente el Oro Global de los Premios LafargeHolcim 2015 con su proyecto \u201cParque p\u00fablico en reservas de[&#8230;]<\/p>\n","protected":false},"author":1,"featured_media":6240,"comment_status":"open","ping_status":"open","sticky":false,"template":"","format":"standard","meta":{"footnotes":""},"categories":[4],"tags":[],"_links":{"self":[{"href":"https:\/\/emisora.univalle.edu.co\/index.php\/wp-json\/wp\/v2\/posts\/6250"}],"collection":[{"href":"https:\/\/emisora.univalle.edu.co\/index.php\/wp-json\/wp\/v2\/posts"}],"about":[{"href":"https:\/\/emisora.univalle.edu.co\/index.php\/wp-json\/wp\/v2\/types\/post"}],"author":[{"embeddable":true,"href":"https:\/\/emisora.univalle.edu.co\/index.php\/wp-json\/wp\/v2\/users\/1"}],"replies":[{"embeddable":true,"href":"https:\/\/emisora.univalle.edu.co\/index.php\/wp-json\/wp\/v2\/comments?post=6250"}],"version-history":[{"count":1,"href":"https:\/\/emisora.univalle.edu.co\/index.php\/wp-json\/wp\/v2\/posts\/6250\/revisions"}],"predecessor-version":[{"id":6251,"href":"https:\/\/emisora.univalle.edu.co\/index.php\/wp-json\/wp\/v2\/posts\/6250\/revisions\/6251"}],"wp:featuredmedia":[{"embeddable":true,"href":"https:\/\/emisora.univalle.edu.co\/index.php\/wp-json\/wp\/v2\/media\/6240"}],"wp:attachment":[{"href":"https:\/\/emisora.univalle.edu.co\/index.php\/wp-json\/wp\/v2\/media?parent=6250"}],"wp:term":[{"taxonomy":"category","embeddable":true,"href":"https:\/\/emisora.univalle.edu.co\/index.php\/wp-json\/wp\/v2\/categories?post=6250"},{"taxonomy":"post_tag","embeddable":true,"href":"https:\/\/emisora.univalle.edu.co\/index.php\/wp-json\/wp\/v2\/tags?post=6250"}],"curies":[{"name":"wp","href":"https:\/\/api.w.org\/{rel}","templated":true}]}}