{"id":6252,"date":"2015-08-19T11:13:42","date_gmt":"2015-08-19T16:13:42","guid":{"rendered":"https:\/\/emisora.univalle.edu.co\/\/?p=6252"},"modified":"2015-08-19T11:13:42","modified_gmt":"2015-08-19T16:13:42","slug":"continua-abierta-convocatoria-2016-del-programa-nacional-de-concertacion","status":"publish","type":"post","link":"https:\/\/emisora.univalle.edu.co\/index.php\/continua-abierta-convocatoria-2016-del-programa-nacional-de-concertacion\/","title":{"rendered":"Contin\u00faa abierta convocatoria 2016 del Programa Nacional de Concertaci\u00f3n"},"content":{"rendered":"<p>MinCultura informa que a\u00fan est\u00e1 abierta la Convocatoria 2016 con la que se asignar\u00e1n recursos por m\u00e1s de $40 mil millones de pesos para el apoyo a proyectos, procesos y actividades culturales de inter\u00e9s com\u00fan en todo el pa\u00eds.<br \/>\n\u201cLa Convocatoria para apoyo a proyectos art\u00edsticos y culturales se ha constituido en un modelo a seguir por parte de otras instituciones culturales en el pa\u00eds, como gobernaciones y alcald\u00edas, adem\u00e1s de generar capacidades en la formulaci\u00f3n y ejecuci\u00f3n de proyectos a trav\u00e9s de la realizaci\u00f3n de jornadas de socializaci\u00f3n en todo el pa\u00eds sobre el contenido de las convocatorias del Programa\u201d, asegura Nidia Neira Coordinadora del Programa Nacional de Concertaci\u00f3n.<br \/>\nPueden participar Personas jur\u00eddicas del sector p\u00fablico como gobernaciones, alcald\u00edas, corregimientos, entidades p\u00fablicas de car\u00e1cter cultural, autoridades de los resguardos y comunidades ind\u00edgenas y consejos comunitarios de comunidades negras, Instituciones educativas, personas jur\u00eddicas sin \u00e1nimo de lucro del sector privado, Cajas de compensaci\u00f3n y c\u00e1maras de comercio.<br \/>\nNo pueden participar, Personas naturales, organizaciones sin \u00e1nimo de lucro que no est\u00e9n legalmente constituidas en Colombia ni organizaciones que, teniendo la obligaci\u00f3n, no cumplan con lo establecido en la Ley del Espect\u00e1culo P\u00fablico, Ley 1493 de 26 de diciembre de 2011.<br \/>\nLos proyectos presentados se pueden inscribir en las l\u00edneas de lectura y escritura leer es mi cuento, actividades art\u00edsticas como festivales  y carnavales, fortalecimiento de espacios art\u00edsticos y culturales, programas de formaci\u00f3n, proyectos de emprendimiento cultural, proyectos de circulaci\u00f3n como giras, intercambios y circuitos, proyectos dirigidos a pueblos ind\u00edgenas, comunidades negras, afrocolombianas, raizales, palenqueras y al pueblo Rrom o gitano y oportunidades culturales para personas con discapacidad.<br \/>\nLas bases de la convocatoria, los criterios de selecci\u00f3n y el manual para la presentaci\u00f3n de proyectos pueden ser consultados en la p\u00e1gina web del Ministerio www.mincultura.gov.co<br \/>\nEn el per\u00edodo 2011-2015 se han entregado desde el Programa Nacional de Concertaci\u00f3n Cultural $149.999 millones para apoyar 7.205 proyectos culturales en todo el pa\u00eds e impulsar procesos y actividades culturales de inter\u00e9s com\u00fan. Dentro del total de la poblaci\u00f3n beneficiada se resalta la cobertura en grupos \u00e9tnicos, municipios fronterizos, poblaci\u00f3n en situaci\u00f3n de discapacidad y municipios categor\u00eda 5 y 6. Con estos apoyos se aporta a la descentralizaci\u00f3n y a la cofinanciaci\u00f3n de la cultura a partir del reconocimiento de la diversidad e identidad cultural de los territorios y sus din\u00e1micas propias. Implementar estrategias para una mayor participaci\u00f3n, cualificaci\u00f3n y apoyo a procesos culturales es el factor determinante en los crecientes logros de este Programa<br \/>\nEl formulario de participaci\u00f3n podr\u00e1 ser diligenciado en l\u00ednea en el siguiente v\u00ednculo: www.sinic.gov.co\/concertacion2016<br \/>\nMayores informes sobre Concertaci\u00f3n<br \/>\nPrograma Nacional de Concertaci\u00f3n Cultural<br \/>\nTel.: 342 41 00 Ext. 1371 \u2013 1372 \u2013 1373- 1374<br \/>\nFax: 381 63 68 o 381 63 69<br \/>\nDirecci\u00f3n Carrera 8 No. 8 \u2013 43 Bogot\u00e1, D.C.<br \/>\nMail: concertacion@mincultura.gov.co<\/p>\n","protected":false},"excerpt":{"rendered":"<p>MinCultura informa que a\u00fan est\u00e1 abierta la Convocatoria 2016 con la que se asignar\u00e1n recursos por m\u00e1s de $40 mil millones de pesos para el apoyo a proyectos, procesos y actividades culturales de inter\u00e9s com\u00fan en todo el pa\u00eds. \u201cLa Convocatoria para apoyo a proyectos art\u00edsticos y culturales se ha[&#8230;]<\/p>\n","protected":false},"author":1,"featured_media":6234,"comment_status":"open","ping_status":"open","sticky":false,"template":"","format":"standard","meta":{"footnotes":""},"categories":[4],"tags":[],"_links":{"self":[{"href":"https:\/\/emisora.univalle.edu.co\/index.php\/wp-json\/wp\/v2\/posts\/6252"}],"collection":[{"href":"https:\/\/emisora.univalle.edu.co\/index.php\/wp-json\/wp\/v2\/posts"}],"about":[{"href":"https:\/\/emisora.univalle.edu.co\/index.php\/wp-json\/wp\/v2\/types\/post"}],"author":[{"embeddable":true,"href":"https:\/\/emisora.univalle.edu.co\/index.php\/wp-json\/wp\/v2\/users\/1"}],"replies":[{"embeddable":true,"href":"https:\/\/emisora.univalle.edu.co\/index.php\/wp-json\/wp\/v2\/comments?post=6252"}],"version-history":[{"count":1,"href":"https:\/\/emisora.univalle.edu.co\/index.php\/wp-json\/wp\/v2\/posts\/6252\/revisions"}],"predecessor-version":[{"id":6253,"href":"https:\/\/emisora.univalle.edu.co\/index.php\/wp-json\/wp\/v2\/posts\/6252\/revisions\/6253"}],"wp:featuredmedia":[{"embeddable":true,"href":"https:\/\/emisora.univalle.edu.co\/index.php\/wp-json\/wp\/v2\/media\/6234"}],"wp:attachment":[{"href":"https:\/\/emisora.univalle.edu.co\/index.php\/wp-json\/wp\/v2\/media?parent=6252"}],"wp:term":[{"taxonomy":"category","embeddable":true,"href":"https:\/\/emisora.univalle.edu.co\/index.php\/wp-json\/wp\/v2\/categories?post=6252"},{"taxonomy":"post_tag","embeddable":true,"href":"https:\/\/emisora.univalle.edu.co\/index.php\/wp-json\/wp\/v2\/tags?post=6252"}],"curies":[{"name":"wp","href":"https:\/\/api.w.org\/{rel}","templated":true}]}}