{"id":6269,"date":"2015-08-19T15:17:43","date_gmt":"2015-08-19T20:17:43","guid":{"rendered":"https:\/\/emisora.univalle.edu.co\/\/?p=6269"},"modified":"2015-08-19T15:17:43","modified_gmt":"2015-08-19T20:17:43","slug":"quinto-festival-visiones-de-mexico-en-colombia","status":"publish","type":"post","link":"https:\/\/emisora.univalle.edu.co\/index.php\/quinto-festival-visiones-de-mexico-en-colombia\/","title":{"rendered":"Quinto Festival Visiones de M\u00e9xico en Colombia"},"content":{"rendered":"<p>El quinto Festival Visiones de M\u00e9xico en Colombia, que se celebrar\u00e1 del 27 de agosto al 16 de septiembre en el Centro Cultural Gabriel Garc\u00eda M\u00e1rquez, sede del Fondo de Cultura Econ\u00f3mica, Filial Colombia, se realiza con el apoyo del Ministerio de Cultura de Colombia \u2013Programa Nacional de Concertaci\u00f3n Cultural.<br \/>\nGracias a la colaboraci\u00f3n de Secretar\u00eda de Relaciones Exteriores de M\u00e9xico, la Embajada de M\u00e9xico en Colombia y la Secretar\u00eda de Fomento Tur\u00edstico de Yucat\u00e1n, durante 21 d\u00edas, los visitantes disfrutar\u00e1n de una completa programaci\u00f3n que incluye:<br \/>\nActividades con Autores, con 40 invitados, de 12 pa\u00edses, 18 de los cuales procedentes de M\u00e9xico y m\u00e1s de 10 colombianos, quienes realizar\u00e1n entrevistas abiertas al p\u00fablico, conferencias, encuentros, lecturas, recitales, firmas de libros y otros eventos, en el Centro Cultural Gabriel Garc\u00eda M\u00e1rquez, as\u00ed como en instituciones educativas y culturales de Bogot\u00e1 y otras 5 ciudades del pa\u00eds, Cali, Medell\u00edn, C\u00facuta, Manizales y Calarc\u00e1.<br \/>\nEl Festival contar\u00e1 con la presencia de los mexicanos, Alberto Vital quien ser\u00e1 el encargado del homenaje por los sesenta a\u00f1os de la 1\u00aa edici\u00f3n de Pedro P\u00e1ramo, de Juan Rulfo, la periodista Alma Guillermoprieto, los narradores Carlos Mart\u00edn Brice\u00f1o, Jorge F. Hern\u00e1ndez, B\u00e1rbara Jacobs, Hern\u00e1n Lara Zavala, Mart\u00edn Solares; los poetas Eduardo Lagagne y Natalia Toledo, las autoras y especialistas en literatura para ni\u00f1os y j\u00f3venes Mar\u00eda Garc\u00eda Esper\u00f3n y Edm\u00e9e Pardo, la investigadora Lourdes Arizpe y el arquitecto Alejandro Hern\u00e1ndez.<br \/>\nComo parte de la celebraci\u00f3n de su quinto aniversario, el Festival programa una franja denominada M\u00e9xico, pa\u00eds de acogida, un homenaje a personajes extranjeros que han forjado una carrera en M\u00e9xico, proyect\u00e1ndose en el orbe hispanoamericano. De Francia, el historiador y antrop\u00f3logo Jacques Lafaye, quien en la inauguraci\u00f3n del Festival dar\u00e1 sus \u201cVisiones de M\u00e9xico en Colombia\u201d y el poeta y ensayista Philippe Oll\u00e9-Laprune; de Estados Unidos el investigador John Mraz y el fot\u00f3grafo Marc Powell, y de Costa Rica el economista Mariano Rojas.<br \/>\nDe Argentina nos visitan los escritores Alberto Manguel, Federico Falco, Patricia Ratto, el historiador Miguel \u00c1ngel Barrios, la editora y autora de libros para ni\u00f1os y j\u00f3venes, Paula Bombara, y la licenciada en Educaci\u00f3n Laura Pitluk.<br \/>\nDe Ecuador, Ra\u00fal Vallejo, quien ser\u00e1 el encargado de un homenaje a \u00d3scar Collazos.<br \/>\nDe Espa\u00f1a, el editor y cofundador de la editorial Pre-Textos Manuel Borr\u00e1s y el fil\u00f3sofo Juan Arnau.<br \/>\nDe Estados Unidos, el historiador Robert Darnton.<br \/>\nDe Portugal, los escritores Afonso Cruz y Valter Hugo M\u00e3e.<br \/>\nDe Rusia, Nikolai Mikhailov.<br \/>\nDe Suiza, el psicoanalista Craig E. Stephenson, quien presentar\u00e1 m\u00e1s reciente traducci\u00f3n al espa\u00f1ol, \u00abAnteros. Un mito olvidado\u00bb, publicado por el FCE.<br \/>\nDe Uruguay, Pablo Rocca.<br \/>\nPor Colombia, el soci\u00f3logo y cronista Alfredo Molano, quien estar\u00e1 a cargo de un homenaje a Carlos Gaviria D\u00edaz, de la mano con Patricia Lara, Rodrigo Umprimni y Rodolfo Arango; Alberto Salcedo Ramos, Felipe Mart\u00ednez y Sandro Romero, el poeta Juan Manuel Roca, el autor de libros para ni\u00f1os y j\u00f3venes Ivar Da Coll y el polit\u00f3logo franc\u00e9s, radicado en Colombia, Yann Basset, entre muchos m\u00e1s.<br \/>\nEl Quinto Festival Visiones de M\u00e9xico en Colombia, ofrece a sus visitantes la Feria del Libro, en el Patio Jos\u00e9 Eustasio Rivera, con m\u00e1s de 15 mil ejemplares de M\u00e9xico, Colombia, Argentina, Espa\u00f1a y otros pa\u00edses, que se suman a los m\u00e1s de 120 mil disponibles en la Librer\u00eda FCE.<br \/>\nLa programaci\u00f3n Cultural y Acad\u00e9mica incluye:<br \/>\nTres exposiciones que estar\u00e1n abiertas al p\u00fablico a partir de 27 de agosto y hasta el 12 de octubre, en distintos espacios del Centro Cultural Gabriel Garc\u00eda M\u00e1rquez.<br \/>\n \u201cToledo-Monsiv\u00e1is\u201d, de Carlos Monsiv\u00e1is y Francisco Toledo, en la Sala de Exposiciones D\u00e9bora Arango. Una muestra organizada por el Museo del Estanquillo, con m\u00e1s de 50 obras originales de ambos creadores, que gracias al concurso de la Secretar\u00eda de Relaciones Exteriores de M\u00e9xico y a la Embajada de M\u00e9xico en Colombia, estar\u00e1 abierta al p\u00fablico colombiano.<br \/>\n\u201cArenas movedizas\u201d ilustraciones de Gabriel Pacheco, a partir de textos de Octavio Paz, y \u201cB\u00e1rbaro\u201d de Renato Moriconi, ambas en la Librer\u00eda FCE.<br \/>\n\u201cUn mundo raro\u201d, ciclo de cine contempor\u00e1neo mexicano, realizado con el apoyo del Instituto Mexicano de Cinematograf\u00eda, IMCINE. 17 pel\u00edculas con las que se estrena el Corredor Cultural FCE, que luego de presentarse en Colombia ser\u00e1n proyectadas en las filiales de Ecuador y Per\u00fa.<br \/>\nTalleres de novela corta, poes\u00eda y cr\u00f3nica.<br \/>\nMuchas actividades m\u00e1s.<br \/>\nEncuentros para Profesionales. Este a\u00f1o, en alianza con la Universidad Jorge Tadeo Lozano, inicia Hojas y Ojos, Diplomado del Libro y la Lectura, del 1\u00ba de septiembre hasta el 5 de noviembre, en un primer ciclo, con el apoyo de la C\u00e1mara Colombiana del Libro, el Cerlalc y Fundalectura.<br \/>\nEntrada libre a todos los eventos, para todo tipo de p\u00fablicos.<br \/>\nFuente: Comunicaciones Biblioteca<\/p>\n","protected":false},"excerpt":{"rendered":"<p>El quinto Festival Visiones de M\u00e9xico en Colombia, que se celebrar\u00e1 del 27 de agosto al 16 de septiembre en el Centro Cultural Gabriel Garc\u00eda M\u00e1rquez, sede del Fondo de Cultura Econ\u00f3mica, Filial Colombia, se realiza con el apoyo del Ministerio de Cultura de Colombia \u2013Programa Nacional de Concertaci\u00f3n Cultural.[&#8230;]<\/p>\n","protected":false},"author":1,"featured_media":5152,"comment_status":"open","ping_status":"open","sticky":false,"template":"","format":"standard","meta":{"footnotes":""},"categories":[4],"tags":[],"_links":{"self":[{"href":"https:\/\/emisora.univalle.edu.co\/index.php\/wp-json\/wp\/v2\/posts\/6269"}],"collection":[{"href":"https:\/\/emisora.univalle.edu.co\/index.php\/wp-json\/wp\/v2\/posts"}],"about":[{"href":"https:\/\/emisora.univalle.edu.co\/index.php\/wp-json\/wp\/v2\/types\/post"}],"author":[{"embeddable":true,"href":"https:\/\/emisora.univalle.edu.co\/index.php\/wp-json\/wp\/v2\/users\/1"}],"replies":[{"embeddable":true,"href":"https:\/\/emisora.univalle.edu.co\/index.php\/wp-json\/wp\/v2\/comments?post=6269"}],"version-history":[{"count":1,"href":"https:\/\/emisora.univalle.edu.co\/index.php\/wp-json\/wp\/v2\/posts\/6269\/revisions"}],"predecessor-version":[{"id":6270,"href":"https:\/\/emisora.univalle.edu.co\/index.php\/wp-json\/wp\/v2\/posts\/6269\/revisions\/6270"}],"wp:featuredmedia":[{"embeddable":true,"href":"https:\/\/emisora.univalle.edu.co\/index.php\/wp-json\/wp\/v2\/media\/5152"}],"wp:attachment":[{"href":"https:\/\/emisora.univalle.edu.co\/index.php\/wp-json\/wp\/v2\/media?parent=6269"}],"wp:term":[{"taxonomy":"category","embeddable":true,"href":"https:\/\/emisora.univalle.edu.co\/index.php\/wp-json\/wp\/v2\/categories?post=6269"},{"taxonomy":"post_tag","embeddable":true,"href":"https:\/\/emisora.univalle.edu.co\/index.php\/wp-json\/wp\/v2\/tags?post=6269"}],"curies":[{"name":"wp","href":"https:\/\/api.w.org\/{rel}","templated":true}]}}