{"id":6271,"date":"2015-08-19T15:20:52","date_gmt":"2015-08-19T20:20:52","guid":{"rendered":"https:\/\/emisora.univalle.edu.co\/\/?p=6271"},"modified":"2015-08-19T15:36:52","modified_gmt":"2015-08-19T20:36:52","slug":"prensa-internacional-destaca-invento-de-univalluna","status":"publish","type":"post","link":"https:\/\/emisora.univalle.edu.co\/index.php\/prensa-internacional-destaca-invento-de-univalluna\/","title":{"rendered":"Prensa internacional destaca invento de Univalluna"},"content":{"rendered":"<p><a href=\"https:\/\/emisora.univalle.edu.co\/\/wp-content\/uploads\/2015\/08\/Prensa-Internacional1.jpg\" data-lightbox=\"gal[6271]\"><img loading=\"lazy\" decoding=\"async\" class=\" wp-image-6266 alignright\" alt=\"Prensa Internacional1\" src=\"https:\/\/emisora.univalle.edu.co\/\/wp-content\/uploads\/2015\/08\/Prensa-Internacional1.jpg\" width=\"375\" height=\"211\" srcset=\"https:\/\/emisora.univalle.edu.co\/wp-content\/uploads\/2015\/08\/Prensa-Internacional1.jpg 625w, https:\/\/emisora.univalle.edu.co\/wp-content\/uploads\/2015\/08\/Prensa-Internacional1-300x168.jpg 300w, https:\/\/emisora.univalle.edu.co\/wp-content\/uploads\/2015\/08\/Prensa-Internacional1-438x246.jpg 438w\" sizes=\"(max-width: 375px) 100vw, 375px\" \/><\/a>No solo BBC Mundo, de Inglaterra, destac\u00f3 el invento de la f\u00edsica de la Universidad del Valle Gladis Aparicio Rojas. La edici\u00f3n en castellano del diario estadounidense The Huffington Post public\u00f3, el pasado 21 de julio, un extenso reportaje sobre la candidata a doctorado de la Universidad del Valle Gladis Aparicio Rojas, destacada en 2014 como mejor inventora de Colombia por su desarrollo de un compuesto a base de hilo de ara\u00f1a, que puede usarse en bater\u00edas recargables y que recibi\u00f3 un premio de la Organizaci\u00f3n Mundial de la Propiedad Intelectual (OMPI).<br \/>\nPor ser de importancia para nuestra comunidad universitaria, la Agencia de Noticias de la Universidad del Valle replica la entrevista completa concedida por Rojas al prestigioso diario estadounidense. La estudiante univalluna participar\u00e1, en octubre pr\u00f3ximo, en el evento \u201cMentes Brillantes 2015\u201d, encuentro que tendr\u00e1 como sede a la capital espa\u00f1ola.<br \/>\nThe Huffington Post<br \/>\nEl hilo de la tela de ara\u00f1a le vali\u00f3 en 2014 a Gladis Aparicio Rojas el premio a la mejor inventora del mundo, otorgado por la Organizaci\u00f3n Mundial de la Propiedad Intelectual (OMPI). Con esa materia prima desarroll\u00f3 un nuevo material sint\u00e9tico con el que se elabora una membrana conductora que mejora el funcionamiento de las bater\u00edas recargables y alarga su duraci\u00f3n. Esta f\u00edsica colombiana, que participar\u00e1 en el evento \u201cMentes Brillantes 2015\u201d que El Ser Creativo organizar\u00e1 los d\u00edas 15 y 16 de octubre pr\u00f3ximo en Madrid (Espa\u00f1a), ha contado a El Huffington Post c\u00f3mo funciona su invento, cu\u00e1les son los pr\u00f3ximos retos de la ciencia y qu\u00e9 es para ella la creatividad.<br \/>\n\u00bfEn qu\u00e9 consiste exactamente tu proyecto? \u00bfC\u00f3mo obten\u00e9is la tela de ara\u00f1a? \u00bfEs literalmente tela de ar\u00e1cnidos o est\u00e1 tratada?<br \/>\nEl proyecto consiste en una membrana polim\u00e9rica (pl\u00e1stica) conductora, que tiene entre sus componentes hilo de ara\u00f1a real producido por una ara\u00f1a de la especie Nephila Clavipes caracter\u00edstica de zonas tropicales. Las ara\u00f1as se encuentran en muchas zonas del Valle del Cauca-Colombia, donde vivo, pero la obtengo recolect\u00e1ndola directamente del h\u00e1bitat natural en el vivero de la Universidad Aut\u00f3noma de Occidente de Cali-Colombia, donde trabajo, ya que para poder hacer uso de ella se requiere un permiso de las autoridades ambientales y lo otorgan para una zona espec\u00edfica.<a href=\"https:\/\/emisora.univalle.edu.co\/\/wp-content\/uploads\/2015\/08\/Prensa-Internacional3.jpg\" data-lightbox=\"gal[6271]\"><img loading=\"lazy\" decoding=\"async\" class=\" wp-image-6268 alignleft\" alt=\"Prensa Internacional3\" src=\"https:\/\/emisora.univalle.edu.co\/\/wp-content\/uploads\/2015\/08\/Prensa-Internacional3.jpg\" width=\"350\" height=\"197\" srcset=\"https:\/\/emisora.univalle.edu.co\/wp-content\/uploads\/2015\/08\/Prensa-Internacional3.jpg 625w, https:\/\/emisora.univalle.edu.co\/wp-content\/uploads\/2015\/08\/Prensa-Internacional3-300x168.jpg 300w, https:\/\/emisora.univalle.edu.co\/wp-content\/uploads\/2015\/08\/Prensa-Internacional3-438x246.jpg 438w\" sizes=\"(max-width: 350px) 100vw, 350px\" \/><\/a><br \/>\n\u00bfC\u00f3mo compite el sistema que has creado con las bater\u00edas Tesla? \u00bfSon m\u00e1s eficaces, tienen m\u00e1s vida \u00fatil o menor coste?<br \/>\nMi intenci\u00f3n es hacer una contribuci\u00f3n al medio ambiente, soy cient\u00edfica, no empresaria, no produzco bater\u00edas y no he pensado en la competitividad, incluso podr\u00eda ofrecer a Tesla mis membranas como parte de su materia prima. Pero si se trata de las ventajas de la membrana que produzco podr\u00eda decir que resulta mucho m\u00e1s econ\u00f3mica que las comerciales existentes, son eficientes y alcanzan buenos valores de conductividad en comparaci\u00f3n con los valores de los conductores actuales. Su tiempo de vida \u00fatil con propiedades de almacenamiento podr\u00eda darnos bater\u00edas con duraci\u00f3n de carga por m\u00e1s tiempo del que actualmente tenemos. Desecharlas no ser\u00eda muy problem\u00e1tico ya que todos los materiales de la membrana son biodegradables, lo que hace que una vez cumplan con su ciclo de vida, podr\u00edan estar por menos tiempo en el planeta de lo que actualmente tardan.<br \/>\n\u00bfEl sistema que has reinventado puede tener aplicaciones para el transporte? \u00bfY en otros \u00e1mbitos?<br \/>\nLas membranas que fabrico son conductores i\u00f3nicos y podr\u00edan tener m\u00faltiples aplicaciones. En el transporte se podr\u00edan reemplazar los electrolitos l\u00edquidos de las bater\u00edas por las membranas conductoras y tendr\u00edamos bater\u00edas de estado s\u00f3lido. Para cualquier bater\u00eda de almacenamiento de carga puede ser \u00fatil e incluso con algunas modificaciones, la membrana podr\u00eda recargarse con energ\u00eda solar.<br \/>\n\u00bfC\u00f3mo te vienen a ti las ideas y proyectos?<br \/>\nSiempre busco que mis investigaciones tengan un impacto positivo con el medio ambiente y la conservaci\u00f3n del planeta. Trato de buscar soluciones a problemas de talla mundial y para ello realizo una vigilancia tecnol\u00f3gica continua paro no trabajar en algo en lo que otros ya lo est\u00e9n haciendo.<br \/>\n\u00bfQu\u00e9 significa para ti ser creativo? \u00bfQu\u00e9 hay que tener para serlo?<br \/>\nSer creativo es dejar que el pensamiento vuele libremente para solucionar problemas, mejorar situaciones o propiedades o para generar innovaci\u00f3n. Pienso que uno de los requisitos es no tener miedo a lo nuevo, no tener temor a exponer tus ideas y a ser evaluado, pensar en el bien ajeno y no s\u00f3lo en el particular.<br \/>\n\u00bfCu\u00e1l es el descubrimiento m\u00e1s importante de la \u00faltima d\u00e9cada?<br \/>\nHay varios debido a que cada disciplina es importante para el ser humano. En primer lugar, los descubrimientos en malformaciones gen\u00e9ticas. Son la causa de muchas enfermedades, por lo que se podr\u00edan sustituir los genes defectuosos por otros funcionales y eliminar as\u00ed el problema. Tambi\u00e9n la regeneraci\u00f3n celular, ya que hay evidencia de que cada c\u00e9lula tiene memoria y en condiciones adecuadas puede generar cualquier c\u00e9lula que haya generado anteriormente y le haga falta. Tambi\u00e9n mencionar\u00eda la detecci\u00f3n realizada por la sonda Phoenix, la cual localiz\u00f3 hielo en Marte debajo de una capa de polvo; las redes sociales, ya que nos permiten estar informados y comunicados en tiempo real con todo el mundo; las fuentes de energ\u00edas renovables; las impresoras 3D que en la actualidad pueden construir \u00f3rganos artificiales para usos m\u00f3dicos, etc.<br \/>\n\u00bfCu\u00e1l ser\u00e1 la pr\u00f3xima revoluci\u00f3n cient\u00edfica, teniendo en cuenta los \u00faltimos descubrimientos?<br \/>\nLa regeneraci\u00f3n celular para cualquier persona que haya perdido alguna parte de su cuerpo.<br \/>\n\u00bfEs dif\u00edcil para una mujer desarrollarse en el \u00e1mbito cient\u00edfico y creativo?<br \/>\nEl rol de mujer en el campo de la ciencia y la creatividad no es f\u00e1cil y menos cuando se quieren mantener todos los roles activos, es decir, estudiar, trabajar, ser madre, ser esposa, ser hija, ser hermana, ser t\u00eda, hacer investigaci\u00f3n, ejercer docencia, etc. Se requiere de mucha disciplina, fuerza de voluntad y sobre todo tener un motor que te anime cada d\u00eda a alcanzar los objetivos de la gran escalera de la vida. Con el apoyo de los seres amados se hace menos dif\u00edcil la tarea.<br \/>\n\u00bfTe consideras una inventora? \u00bfCu\u00e1les son tus modelos e inspiraci\u00f3n profesional?<br \/>\nLa raz\u00f3n de convertirse en un inventor es dise\u00f1ar o crear algo que no se hab\u00eda realizado antes, las membranas que produzco con hilo de ara\u00f1a son novedosas y la Organizaci\u00f3n Mundial de la Propiedad Intelectual (OMPI) certific\u00f3 que soy la primera persona en el mundo que le da uso a este material en el campo de los conductores. No me gu\u00edo por modelos ni me inspiro en alg\u00fan personaje, simplemente trato de hacer las cosas bien y en armon\u00eda con la humanidad sin perjudicar a nadie, mantengo los valores que me inculc\u00f3 mi madre.<br \/>\n\u00bfC\u00f3mo entraste al mundo de la creatividad cient\u00edfica?<br \/>\nSe debe ser creativo en todos los aspectos de la vida, cuando era muy joven y termin\u00e9 el colegio quer\u00eda ingresar a la Universidad del Valle en Cali y cuando le cont\u00e9 a mi padre mis intenciones, me dijo que la Universidad no estaba para nosotros, que ese lujo s\u00f3lo era para personas adineradas. Entonces empec\u00e9 a pensar en c\u00f3mo cumplir mis objetivos sin perjudicar a nadie. Mi madre me apoy\u00f3 y a escondidas me desplac\u00e9 desde mi ciudad hasta Cali y me inscrib\u00ed en la universidad. Comenc\u00e9 a trabajar en la misma universidad para pagar mis estudios y mi manutenci\u00f3n y comenc\u00e9 a ayudar a mis padres econ\u00f3micamente. Cuando no hab\u00eda trabajo aprend\u00ed a hacer cosas para vender y mantenerme. Al ingresar al doctorado deb\u00eda presentar una propuesta novedosa y no me quer\u00eda desviar del tema en el que me form\u00e9 a nivel de pregrado ni de los estudios en ciencias f\u00edsicas. Se me ocurri\u00f3 usar hilo de ara\u00f1a porque sab\u00eda que nadie lo hab\u00eda hecho con esa aplicaci\u00f3n, desde entonces cada proyecto o investigaci\u00f3n que propongo debe ser novedosa y con buen impacto ambiental.<br \/>\n\u00bfCu\u00e1l es tu pr\u00f3ximo proyecto?<br \/>\nA ra\u00edz de investigar con el hilo de ara\u00f1a surgen muchas iniciativas: regeneraci\u00f3n celular, industria textil antibalas o fabricaci\u00f3n de mis propias bater\u00edas, entre otros.<br \/>\n\u00bfHay alg\u00fan tipo de creatividad que te gustar\u00eda tener y no posees?<br \/>\nCreo que con la creatividad que tengo resuelvo las situaciones que deseo, las creatividades que no tengo son dones de otras personas y es mejor tener buenos aliados, buenos amigos a quien acudir a la hora de necesitar algo que querer ser autosuficiente.<br \/>\nFuente: Agencia de Noticias Univalle<br \/>\n<a href=\"https:\/\/emisora.univalle.edu.co\/\/wp-content\/uploads\/2015\/08\/Prensa-Internacional.jpg\" data-lightbox=\"gal[6271]\"><img loading=\"lazy\" decoding=\"async\" class=\"alignright size-full wp-image-6265\" alt=\"Prensa Internacional\" src=\"https:\/\/emisora.univalle.edu.co\/\/wp-content\/uploads\/2015\/08\/Prensa-Internacional.jpg\" width=\"868\" height=\"472\" srcset=\"https:\/\/emisora.univalle.edu.co\/wp-content\/uploads\/2015\/08\/Prensa-Internacional.jpg 868w, https:\/\/emisora.univalle.edu.co\/wp-content\/uploads\/2015\/08\/Prensa-Internacional-300x163.jpg 300w, https:\/\/emisora.univalle.edu.co\/wp-content\/uploads\/2015\/08\/Prensa-Internacional-438x238.jpg 438w\" sizes=\"(max-width: 868px) 100vw, 868px\" \/><\/a><\/p>\n","protected":false},"excerpt":{"rendered":"<p>No solo BBC Mundo, de Inglaterra, destac\u00f3 el invento de la f\u00edsica de la Universidad del Valle Gladis Aparicio Rojas. La edici\u00f3n en castellano del diario estadounidense The Huffington Post public\u00f3, el pasado 21 de julio, un extenso reportaje sobre la candidata a doctorado de la Universidad del Valle Gladis[&#8230;]<\/p>\n","protected":false},"author":1,"featured_media":6267,"comment_status":"open","ping_status":"open","sticky":false,"template":"","format":"standard","meta":{"footnotes":""},"categories":[4],"tags":[],"_links":{"self":[{"href":"https:\/\/emisora.univalle.edu.co\/index.php\/wp-json\/wp\/v2\/posts\/6271"}],"collection":[{"href":"https:\/\/emisora.univalle.edu.co\/index.php\/wp-json\/wp\/v2\/posts"}],"about":[{"href":"https:\/\/emisora.univalle.edu.co\/index.php\/wp-json\/wp\/v2\/types\/post"}],"author":[{"embeddable":true,"href":"https:\/\/emisora.univalle.edu.co\/index.php\/wp-json\/wp\/v2\/users\/1"}],"replies":[{"embeddable":true,"href":"https:\/\/emisora.univalle.edu.co\/index.php\/wp-json\/wp\/v2\/comments?post=6271"}],"version-history":[{"count":2,"href":"https:\/\/emisora.univalle.edu.co\/index.php\/wp-json\/wp\/v2\/posts\/6271\/revisions"}],"predecessor-version":[{"id":6274,"href":"https:\/\/emisora.univalle.edu.co\/index.php\/wp-json\/wp\/v2\/posts\/6271\/revisions\/6274"}],"wp:featuredmedia":[{"embeddable":true,"href":"https:\/\/emisora.univalle.edu.co\/index.php\/wp-json\/wp\/v2\/media\/6267"}],"wp:attachment":[{"href":"https:\/\/emisora.univalle.edu.co\/index.php\/wp-json\/wp\/v2\/media?parent=6271"}],"wp:term":[{"taxonomy":"category","embeddable":true,"href":"https:\/\/emisora.univalle.edu.co\/index.php\/wp-json\/wp\/v2\/categories?post=6271"},{"taxonomy":"post_tag","embeddable":true,"href":"https:\/\/emisora.univalle.edu.co\/index.php\/wp-json\/wp\/v2\/tags?post=6271"}],"curies":[{"name":"wp","href":"https:\/\/api.w.org\/{rel}","templated":true}]}}