{"id":6289,"date":"2015-08-20T14:37:38","date_gmt":"2015-08-20T19:37:38","guid":{"rendered":"https:\/\/emisora.univalle.edu.co\/\/?p=6289"},"modified":"2015-08-20T14:37:38","modified_gmt":"2015-08-20T19:37:38","slug":"santiago-de-cali-sigue-demostrando-por-que-es-la-ciudad-mas-inteligente-del-pais","status":"publish","type":"post","link":"https:\/\/emisora.univalle.edu.co\/index.php\/santiago-de-cali-sigue-demostrando-por-que-es-la-ciudad-mas-inteligente-del-pais\/","title":{"rendered":"Santiago de Cali sigue demostrando por qu\u00e9 es la ciudad m\u00e1s inteligente del pa\u00eds"},"content":{"rendered":"<p><span style=\"line-height: 1.5em;\">Cali se luci\u00f3 como invitada al Foro de Ciudades Inteligentes, realizado por segunda vez en Bogot\u00e1 y demostr\u00f3 por qu\u00e9 es considerada como la m\u00e1s avanzada ciudad inteligente de Colombia.<\/span><\/p>\n<p>Fue en la C\u00e1mara de Comercio de la capital del pa\u00eds, en donde el asesor de Inform\u00e1tica y Telem\u00e1tica de Cali, Roberto Reyes, expuso las cualidades que tiene la Sultana del Valle en manejo e implementaci\u00f3n de tecnolog\u00edas de la informaci\u00f3n y comunicaci\u00f3n, que contribuyen al bienestar social de los cale\u00f1os y sus visitantes.<\/p>\n<p>\u201cSe trat\u00f3 de un encuentro en el que pudimos intercambiar experiencias con el resto de invitados del pa\u00eds y extranjeros y en el que Cali se luci\u00f3, pues all\u00ed nos dimos cuenta que somos la \u00fanica ciudad del pa\u00eds que cuenta con su propia y m\u00e1s grande red de fibra \u00f3ptica, la cual hemos denominado Red P\u00fablica Municipal (Remi)\u201d, explic\u00f3 el funcionario.<\/p>\n<p>De acuerdo con Reyes, fue muy gratificante compartir esta experiencia, \u201cpues todos los invitados quedaron sorprendidos de c\u00f3mo Cali hab\u00eda logrado tanto en materia de tecnolog\u00eda. Tener esta red Remi significa que Cali es aut\u00f3noma y que conectamos nuestros propios puntos de tecnolog\u00eda y eso es sumamente importante, ya que no dependemos de ning\u00fan socio privado\u201d.<\/p>\n<p>Agreg\u00f3 que dicha red se extiende en 500 kil\u00f3metros por debajo de la ciudad y ha ido creciendo gracias a la inversi\u00f3n del Municipio de Santiago de Cali.<\/p>\n<p>\u201cEs una red por la que se conectan las c\u00e1maras de seguridad del municipio, por ejemplo. Es decir, todo lo que la Alcald\u00eda necesite digitalizar. Con esa red se conectan las bibliotecas, puntos Vive Digital, Red de Salud y centros de atenci\u00f3n al ciudadano, entre otros. Por eso su uso es y ser\u00e1 p\u00fablico, exclusivamente\u201d, a\u00f1adi\u00f3 el asesor.<\/p>\n<p>Reyes destac\u00f3 a Cali y la importancia que tiene para la ciudad el hecho de ser tenida en cuenta en este tipo de actividades, que la dejan en alto ante los ojos del resto del pa\u00eds y del mundo.<\/p>\n<p>Fuente: Comunicaciones Alcald\u00eda<\/p>\n<p><b>\u00a0<\/b><\/p>\n","protected":false},"excerpt":{"rendered":"<p>Cali se luci\u00f3 como invitada al Foro de Ciudades Inteligentes, realizado por segunda vez en Bogot\u00e1 y demostr\u00f3 por qu\u00e9 es considerada como la m\u00e1s avanzada ciudad inteligente de Colombia. Fue en la C\u00e1mara de Comercio de la capital del pa\u00eds, en donde el asesor de Inform\u00e1tica y Telem\u00e1tica de[&#8230;]<\/p>\n","protected":false},"author":1,"featured_media":6290,"comment_status":"open","ping_status":"open","sticky":false,"template":"","format":"standard","meta":{"footnotes":""},"categories":[4],"tags":[],"_links":{"self":[{"href":"https:\/\/emisora.univalle.edu.co\/index.php\/wp-json\/wp\/v2\/posts\/6289"}],"collection":[{"href":"https:\/\/emisora.univalle.edu.co\/index.php\/wp-json\/wp\/v2\/posts"}],"about":[{"href":"https:\/\/emisora.univalle.edu.co\/index.php\/wp-json\/wp\/v2\/types\/post"}],"author":[{"embeddable":true,"href":"https:\/\/emisora.univalle.edu.co\/index.php\/wp-json\/wp\/v2\/users\/1"}],"replies":[{"embeddable":true,"href":"https:\/\/emisora.univalle.edu.co\/index.php\/wp-json\/wp\/v2\/comments?post=6289"}],"version-history":[{"count":1,"href":"https:\/\/emisora.univalle.edu.co\/index.php\/wp-json\/wp\/v2\/posts\/6289\/revisions"}],"predecessor-version":[{"id":6291,"href":"https:\/\/emisora.univalle.edu.co\/index.php\/wp-json\/wp\/v2\/posts\/6289\/revisions\/6291"}],"wp:featuredmedia":[{"embeddable":true,"href":"https:\/\/emisora.univalle.edu.co\/index.php\/wp-json\/wp\/v2\/media\/6290"}],"wp:attachment":[{"href":"https:\/\/emisora.univalle.edu.co\/index.php\/wp-json\/wp\/v2\/media?parent=6289"}],"wp:term":[{"taxonomy":"category","embeddable":true,"href":"https:\/\/emisora.univalle.edu.co\/index.php\/wp-json\/wp\/v2\/categories?post=6289"},{"taxonomy":"post_tag","embeddable":true,"href":"https:\/\/emisora.univalle.edu.co\/index.php\/wp-json\/wp\/v2\/tags?post=6289"}],"curies":[{"name":"wp","href":"https:\/\/api.w.org\/{rel}","templated":true}]}}