{"id":6294,"date":"2015-08-20T14:39:25","date_gmt":"2015-08-20T19:39:25","guid":{"rendered":"https:\/\/emisora.univalle.edu.co\/\/?p=6294"},"modified":"2015-08-20T14:41:53","modified_gmt":"2015-08-20T19:41:53","slug":"la-compania-sankofa-triunfo-en-el-battery-dance-festival-de-nueva-york","status":"publish","type":"post","link":"https:\/\/emisora.univalle.edu.co\/index.php\/la-compania-sankofa-triunfo-en-el-battery-dance-festival-de-nueva-york\/","title":{"rendered":"La compa\u00f1\u00eda Sankofa triunf\u00f3 en el Battery Dance Festival de Nueva York"},"content":{"rendered":"<p><span style=\"line-height: 1.5em;\">Con un \u00e9xito sin precedentes se present\u00f3 en el Battery Dance Festival de la ciudad de Nueva York la compa\u00f1\u00eda de danza antioque\u00f1a Sankofa, siendo \u00e9sta la primera vez que una agrupaci\u00f3n colombiana es invitada a participar en este legendario espacio, que durante 34 a\u00f1os se ha encargado de mostrar las mejores propuestas de danza contempor\u00e1nea que se encuentran alrededor del mundo.<\/span><\/p>\n<p>Sankofa (palabra de origen africano que significa volver a la ra\u00edz) comparti\u00f3 cartel internacional con propuestas provenientes de pa\u00edses como India, Polonia y Noruega, y mostr\u00f3 su puesta en escena ante los espectadores que se dieron cita en el Battery Park en las inmediaciones del Rio Hudson.<\/p>\n<p>Su presentaci\u00f3n considerada como la revelaci\u00f3n de la jornada por el diario New York Times, fue una emotiva coreograf\u00eda en la que intervinieron y siete bailarines y cuatro m\u00fasicos, y en las que combinaron elementos de hip hop y danza afrocolombiana.<\/p>\n<p>La Corporaci\u00f3n Sankofa<\/p>\n<p>La Corporaci\u00f3n Cultural Afro Colombiana Sankofa, fundada en 1997, fue pensada desde sus inicios como un espacio dedicado a la formaci\u00f3n y creaci\u00f3n en danza. Con un amplio repertorio de obras y una trayectoria esc\u00e9nica que incluye pa\u00edses como Francia 2001,2003, 2004, 2009; Espa\u00f1a 2002, 2004; Jamaica2011; Brasil 2012; Burkina Faso 2009, Sankofa se ha dedicado a cosechar reconocimientos, entre los cuales tambi\u00e9n se incluye el Premio Nacional de Danza del Ministerio de Cultura en el a\u00f1o 2008 por la obra San Pacho, y la menci\u00f3n de las Naciones Unidas como Buena pr\u00e1ctica de inclusi\u00f3n social afro descendiente en Latinoam\u00e9rica 2010 con el Proyecto Pasos en la Tierra, el cual se desarroll\u00f3 con cultores de la danza en la Regi\u00f3n del Pac\u00edfico en convenio con el Programa Formaci\u00f3n a Formadores del Ministerio de Cultura 2008- 2013.<\/p>\n<p>Mediante diversos proyectos pedag\u00f3gicos y de puesta en escena, la Corporaci\u00f3n Sankofa ha querido construir un puente entre las comunidades afrodescendientes en Colombia, en la b\u00fasqueda de un sustrato ancestral como respaldo en la creaci\u00f3n de obras que parten de la ra\u00edz de la danza afro, pero que se desarrollan en el marco de\u00a0 lo cotidiano, lo tradicional y lo contempor\u00e1neo, y que proponen una po\u00e9tica de la danza\u00a0 como opci\u00f3n de v\u00ednculo social y posicionamiento de la cultura afrocolombiana.<\/p>\n<p><b>Fuente: Comunicaciones MinCultura<\/b><\/p>\n","protected":false},"excerpt":{"rendered":"<p>Con un \u00e9xito sin precedentes se present\u00f3 en el Battery Dance Festival de la ciudad de Nueva York la compa\u00f1\u00eda de danza antioque\u00f1a Sankofa, siendo \u00e9sta la primera vez que una agrupaci\u00f3n colombiana es invitada a participar en este legendario espacio, que durante 34 a\u00f1os se ha encargado de mostrar[&#8230;]<\/p>\n","protected":false},"author":1,"featured_media":6298,"comment_status":"open","ping_status":"open","sticky":false,"template":"","format":"standard","meta":{"footnotes":""},"categories":[4],"tags":[],"_links":{"self":[{"href":"https:\/\/emisora.univalle.edu.co\/index.php\/wp-json\/wp\/v2\/posts\/6294"}],"collection":[{"href":"https:\/\/emisora.univalle.edu.co\/index.php\/wp-json\/wp\/v2\/posts"}],"about":[{"href":"https:\/\/emisora.univalle.edu.co\/index.php\/wp-json\/wp\/v2\/types\/post"}],"author":[{"embeddable":true,"href":"https:\/\/emisora.univalle.edu.co\/index.php\/wp-json\/wp\/v2\/users\/1"}],"replies":[{"embeddable":true,"href":"https:\/\/emisora.univalle.edu.co\/index.php\/wp-json\/wp\/v2\/comments?post=6294"}],"version-history":[{"count":1,"href":"https:\/\/emisora.univalle.edu.co\/index.php\/wp-json\/wp\/v2\/posts\/6294\/revisions"}],"predecessor-version":[{"id":6295,"href":"https:\/\/emisora.univalle.edu.co\/index.php\/wp-json\/wp\/v2\/posts\/6294\/revisions\/6295"}],"wp:featuredmedia":[{"embeddable":true,"href":"https:\/\/emisora.univalle.edu.co\/index.php\/wp-json\/wp\/v2\/media\/6298"}],"wp:attachment":[{"href":"https:\/\/emisora.univalle.edu.co\/index.php\/wp-json\/wp\/v2\/media?parent=6294"}],"wp:term":[{"taxonomy":"category","embeddable":true,"href":"https:\/\/emisora.univalle.edu.co\/index.php\/wp-json\/wp\/v2\/categories?post=6294"},{"taxonomy":"post_tag","embeddable":true,"href":"https:\/\/emisora.univalle.edu.co\/index.php\/wp-json\/wp\/v2\/tags?post=6294"}],"curies":[{"name":"wp","href":"https:\/\/api.w.org\/{rel}","templated":true}]}}