{"id":6301,"date":"2015-08-20T14:46:44","date_gmt":"2015-08-20T19:46:44","guid":{"rendered":"https:\/\/emisora.univalle.edu.co\/\/?p=6301"},"modified":"2015-08-20T14:46:44","modified_gmt":"2015-08-20T19:46:44","slug":"menores-de-6-anos-seran-vacunados-gratis-contra-la-influenza-estacional","status":"publish","type":"post","link":"https:\/\/emisora.univalle.edu.co\/index.php\/menores-de-6-anos-seran-vacunados-gratis-contra-la-influenza-estacional\/","title":{"rendered":"Menores de 6 a\u00f1os ser\u00e1n vacunados gratis contra la influenza estacional"},"content":{"rendered":"<p><span style=\"line-height: 1.5em;\">Con el fin de prevenir la morbimortalidad por el virus de la influenza y el desarrollo de enfermedades respiratorias, la Secretar\u00eda de Salud P\u00fablica Municipal y su Programa Ampliado de Inmunizaciones \u2013PAI-, informan a la comunidad cale\u00f1a que se vacunar\u00e1 a todos los ni\u00f1os menores de 6 a\u00f1os, sin costo alguno.<\/span><\/p>\n<p>La jornada se realizar\u00e1 en el marco de la celebraci\u00f3n de la 3\u00b0 Jornada Nacional de Vacunaci\u00f3n \u2018D\u00eda de Ponerse al D\u00eda\u201d,<\/p>\n<p>De igual forma, y en cumplimiento con los lineamientos del Ministerio de Salud y Protecci\u00f3n Social, este biol\u00f3gico, estar\u00e1 disponible para los siguientes grupos poblacionales:<\/p>\n<p>Ni\u00f1os y ni\u00f1as de 6 a 23 meses de vida.<\/p>\n<p>Mujeres gestantes a partir de la semana 14 de gestaci\u00f3n<\/p>\n<p>Adultos a partir de los 50 a\u00f1os<\/p>\n<p>Por lo tanto, es importante que los Centros de Desarrollo Infantil \u2013CDI-, ancianatos y unidades renales del municipio, verifiquen que su poblaci\u00f3n se encuentre debidamente vacunada con influenza, pues el plazo para acceder a esta vacuna ser\u00e1 hasta el 29 de agosto, d\u00eda de la movilizaci\u00f3n de jornada.<\/p>\n<p>La vacuna de influenza se aplicar\u00e1 en los 152 puntos autorizados y habilitados, donde personal de la Secretar\u00eda de Salud hace constante y permanentemente inspecci\u00f3n, vigilancia y control que incluye: verificaci\u00f3n de personal vacunador altamente capacitado, cadena de fr\u00edo, estado de las neveras y biol\u00f3gicos, entre otros.<\/p>\n<p>La vacuna contra la influenza esta escasa en el mundo y en Colombia, pero en Cali a\u00fan hay\u00a0 dosis para ni\u00f1os y adultos. De no ser aplicadas antes de finalizar el mes de agosto, este biol\u00f3gico ser\u00e1 enviado a los departamentos que la est\u00e1n requiriendo.<\/p>\n<p>Comunicaciones, Secretar\u00eda de Salud P\u00fablica Municipal<\/p>\n","protected":false},"excerpt":{"rendered":"<p>Con el fin de prevenir la morbimortalidad por el virus de la influenza y el desarrollo de enfermedades respiratorias, la Secretar\u00eda de Salud P\u00fablica Municipal y su Programa Ampliado de Inmunizaciones \u2013PAI-, informan a la comunidad cale\u00f1a que se vacunar\u00e1 a todos los ni\u00f1os menores de 6 a\u00f1os, sin costo[&#8230;]<\/p>\n","protected":false},"author":1,"featured_media":6286,"comment_status":"open","ping_status":"open","sticky":false,"template":"","format":"standard","meta":{"footnotes":""},"categories":[4],"tags":[],"_links":{"self":[{"href":"https:\/\/emisora.univalle.edu.co\/index.php\/wp-json\/wp\/v2\/posts\/6301"}],"collection":[{"href":"https:\/\/emisora.univalle.edu.co\/index.php\/wp-json\/wp\/v2\/posts"}],"about":[{"href":"https:\/\/emisora.univalle.edu.co\/index.php\/wp-json\/wp\/v2\/types\/post"}],"author":[{"embeddable":true,"href":"https:\/\/emisora.univalle.edu.co\/index.php\/wp-json\/wp\/v2\/users\/1"}],"replies":[{"embeddable":true,"href":"https:\/\/emisora.univalle.edu.co\/index.php\/wp-json\/wp\/v2\/comments?post=6301"}],"version-history":[{"count":1,"href":"https:\/\/emisora.univalle.edu.co\/index.php\/wp-json\/wp\/v2\/posts\/6301\/revisions"}],"predecessor-version":[{"id":6302,"href":"https:\/\/emisora.univalle.edu.co\/index.php\/wp-json\/wp\/v2\/posts\/6301\/revisions\/6302"}],"wp:featuredmedia":[{"embeddable":true,"href":"https:\/\/emisora.univalle.edu.co\/index.php\/wp-json\/wp\/v2\/media\/6286"}],"wp:attachment":[{"href":"https:\/\/emisora.univalle.edu.co\/index.php\/wp-json\/wp\/v2\/media?parent=6301"}],"wp:term":[{"taxonomy":"category","embeddable":true,"href":"https:\/\/emisora.univalle.edu.co\/index.php\/wp-json\/wp\/v2\/categories?post=6301"},{"taxonomy":"post_tag","embeddable":true,"href":"https:\/\/emisora.univalle.edu.co\/index.php\/wp-json\/wp\/v2\/tags?post=6301"}],"curies":[{"name":"wp","href":"https:\/\/api.w.org\/{rel}","templated":true}]}}