{"id":6308,"date":"2015-08-20T14:52:45","date_gmt":"2015-08-20T19:52:45","guid":{"rendered":"https:\/\/emisora.univalle.edu.co\/\/?p=6308"},"modified":"2015-08-20T14:52:45","modified_gmt":"2015-08-20T19:52:45","slug":"determinantes-sociales-de-la-salud-y-cambio-climatico-en-comunidades-dependientes-de-los-desechos-solidos","status":"publish","type":"post","link":"https:\/\/emisora.univalle.edu.co\/index.php\/determinantes-sociales-de-la-salud-y-cambio-climatico-en-comunidades-dependientes-de-los-desechos-solidos\/","title":{"rendered":"Determinantes sociales de la salud y cambio clim\u00e1tico en comunidades dependientes de los desechos s\u00f3lidos"},"content":{"rendered":"<p><span style=\"line-height: 1.5em;\"><a href=\"https:\/\/emisora.univalle.edu.co\/\/wp-content\/uploads\/2015\/08\/Residuos-solidos.jpg\" data-lightbox=\"gal[6308]\"><img loading=\"lazy\" decoding=\"async\" class=\"size-full wp-image-6284 alignleft\" alt=\"Residuos solidos\" src=\"https:\/\/emisora.univalle.edu.co\/\/wp-content\/uploads\/2015\/08\/Residuos-solidos.jpg\" width=\"280\" height=\"180\" \/><\/a>Determinantes sociales de la salud y cambio clim\u00e1tico en comunidades dependientes de los desechos s\u00f3lidosLa egresada del Mag\u00edster en Salud Ocupacional de la Escuela de Salud P\u00fablica de la Universidad del Valle, Ph.D Yolanda Paredes-Gait\u00e1n, es la invitada especial a la Sesi\u00f3n Permanente de Investigaci\u00f3n en Salud P\u00fablica que se llevar\u00e1 a cabo este viernes 21 de agosto de 2015, a las 8:00 am. La Doctora Paredes-Gait\u00e1n presentar\u00e1 los resultados de su investigaci\u00f3n doctoral en la que elabora una propuesta de abordaje sobre los determinantes sociales de la salud y el cambio clim\u00e1tico en una comunidad dependiente de los desechos s\u00f3lidos.<\/span><\/p>\n<p>La Sesi\u00f3n tendr\u00e1 lugar en el sal\u00f3n 1 del edificio \u201cSantiago Renjifo\u201d de la Escuela de Salud P\u00fablica de la Universidad del Valle, en el campus San Fernando. La entrada es libre y habr\u00e1 transmisi\u00f3n en l\u00ednea por Webex en el siguiente enlace:<\/p>\n<p>https:\/\/ruav.webex.com\/ruav\/j.php?MTID=m73df37f3c5b5cc89a7129ee9c1530b35<\/p>\n<p>La Doctora Paredes-Gait\u00e1n desarroll\u00f3 su investigaci\u00f3n en una poblaci\u00f3n dependiente de los desechos s\u00f3lidos del vertedero de basura La Chureca, en Managua, Nicaragua.<\/p>\n<p>El vertedero \u201cLa Chureca\u201d ha funcionado en un \u00e1rea de 60 hect\u00e1reas. Recibe y procesa diariamente aproximadamente entre 1.000 a 1.500 toneladas de basura. Estos desechos han sido clasificados por mujeres, hombres, ni\u00f1as y ni\u00f1os diariamente durante m\u00e1s de 40 a\u00f1os en condiciones insalubres, expuestos a sustancias t\u00f3xicas y a una alta contaminaci\u00f3n.<\/p>\n<p>Este inadecuado manejo del desecho en la ciudad ha provocado un impacto ambiental que afecta no s\u00f3lo a la poblaci\u00f3n del vertedero y sus alrededores, sino tambi\u00e9n a la regi\u00f3n metropolitana de Managua. Esta comunidad enfrenta tambi\u00e9n otras situaciones de \u00edndole social asociadas con las zonas destinadas al manejo de desechos, tales como violencia de g\u00e9nero, prostituci\u00f3n y explotaci\u00f3n sexual de la ni\u00f1ez, consumo de drogas, ausentismo escolar y trabajo infantil.<\/p>\n<p>Con esta investigaci\u00f3n la Doctora Paredes-Gait\u00e1n elabora una herramienta de an\u00e1lisis para orientar las intervenciones que fortalecen o crean pol\u00edticas dirigidas a mejorar el bienestar de las personas que dependen del manejo y disposici\u00f3n de los desechos s\u00f3lidos.<a href=\"https:\/\/emisora.univalle.edu.co\/\/wp-content\/uploads\/2015\/08\/residuos-solidos.jpg\" data-lightbox=\"gal[6308]\"><img loading=\"lazy\" decoding=\"async\" class=\"size-medium wp-image-6285 alignright\" alt=\"residuos-solidos\" src=\"https:\/\/emisora.univalle.edu.co\/\/wp-content\/uploads\/2015\/08\/residuos-solidos-300x225.jpg\" width=\"300\" height=\"225\" srcset=\"https:\/\/emisora.univalle.edu.co\/wp-content\/uploads\/2015\/08\/residuos-solidos-300x225.jpg 300w, https:\/\/emisora.univalle.edu.co\/wp-content\/uploads\/2015\/08\/residuos-solidos-438x328.jpg 438w, https:\/\/emisora.univalle.edu.co\/wp-content\/uploads\/2015\/08\/residuos-solidos.jpg 500w\" sizes=\"(max-width: 300px) 100vw, 300px\" \/><\/a><\/p>\n<p>Est\u00e1 planteado que esta propuesta se disemine en ciudades donde la problem\u00e1tica de basureros no controlados exista.<\/p>\n<p>Con este trabajo, con el cual obtuvo el t\u00edtulo de Doctora en Medicina Preventiva y Salud P\u00fablica en la Universidad Aut\u00f3noma de Barcelona, la Doctora Paredes-Gait\u00e1n genera mecanismos que impulsan las capacidades que la poblaci\u00f3n dependiente de los desechos s\u00f3lidos ha desarrollado a trav\u00e9s de a\u00f1os de contacto con la clasificaci\u00f3n y re\u00faso de materiales considerados obsoletos.<\/p>\n<p>Plantea la forma de transformar los recursos alrededor de los desechos, en actividades que generen bienestar y desarrollo desde la perspectiva de las personas que han vivido de su clasificaci\u00f3n.<\/p>\n<p>Trayectoria acad\u00e9mica<\/p>\n<p>La Doctora Yolanda Paredes-Gait\u00e1n es Especialista en Gesti\u00f3n Ambiental.\u00a0 Cuenta con posgrados en la Universidad de California y en el Instituto en Salud P\u00fablica de M\u00e9xico.<\/p>\n<p>Durante varios a\u00f1os fue coordinadora de investigaciones en Centroam\u00e9rica para diversas agencias del Sistema de Naciones Unidas, en temas de salud p\u00fablica, desarrollo sostenible, determinantes sociales y equidad. Tambi\u00e9n coordin\u00f3 equipos multidisciplinarios en una investigaci\u00f3n \u201cmultisite\u201d en el campo de la salud p\u00fablica, en la Escuela de Salud P\u00fablica de la Universidad de Emory en Atlanta.<\/p>\n<p>La Sesi\u00f3n de Investigaci\u00f3n del viernes 21 de agosto se realizar\u00e1 de 8:00 am a 10:00 am, en el sal\u00f3n 1 de la Escuela de Salud P\u00fablica, Edificio Santiago Renjifo, Universidad del Valle &#8211; Campus San Fernando. Entrada libre.<\/p>\n<p>Fuente: Comunicaciones Escuela de Salud<\/p>\n<p><a href=\"https:\/\/emisora.univalle.edu.co\/\/wp-content\/uploads\/2015\/08\/reciclaje.jpg\" data-lightbox=\"gal[6308]\"><img loading=\"lazy\" decoding=\"async\" class=\"alignright size-full wp-image-6283\" alt=\"PLANTA TRATAMIENTO RESIDUOS\" src=\"https:\/\/emisora.univalle.edu.co\/\/wp-content\/uploads\/2015\/08\/reciclaje.jpg\" width=\"924\" height=\"471\" srcset=\"https:\/\/emisora.univalle.edu.co\/wp-content\/uploads\/2015\/08\/reciclaje.jpg 924w, https:\/\/emisora.univalle.edu.co\/wp-content\/uploads\/2015\/08\/reciclaje-300x152.jpg 300w, https:\/\/emisora.univalle.edu.co\/wp-content\/uploads\/2015\/08\/reciclaje-438x223.jpg 438w\" sizes=\"(max-width: 924px) 100vw, 924px\" \/><\/a><\/p>\n","protected":false},"excerpt":{"rendered":"<p>Determinantes sociales de la salud y cambio clim\u00e1tico en comunidades dependientes de los desechos s\u00f3lidosLa egresada del Mag\u00edster en Salud Ocupacional de la Escuela de Salud P\u00fablica de la Universidad del Valle, Ph.D Yolanda Paredes-Gait\u00e1n, es la invitada especial a la Sesi\u00f3n Permanente de Investigaci\u00f3n en Salud P\u00fablica que se[&#8230;]<\/p>\n","protected":false},"author":1,"featured_media":6283,"comment_status":"open","ping_status":"open","sticky":false,"template":"","format":"standard","meta":{"footnotes":""},"categories":[4],"tags":[],"_links":{"self":[{"href":"https:\/\/emisora.univalle.edu.co\/index.php\/wp-json\/wp\/v2\/posts\/6308"}],"collection":[{"href":"https:\/\/emisora.univalle.edu.co\/index.php\/wp-json\/wp\/v2\/posts"}],"about":[{"href":"https:\/\/emisora.univalle.edu.co\/index.php\/wp-json\/wp\/v2\/types\/post"}],"author":[{"embeddable":true,"href":"https:\/\/emisora.univalle.edu.co\/index.php\/wp-json\/wp\/v2\/users\/1"}],"replies":[{"embeddable":true,"href":"https:\/\/emisora.univalle.edu.co\/index.php\/wp-json\/wp\/v2\/comments?post=6308"}],"version-history":[{"count":1,"href":"https:\/\/emisora.univalle.edu.co\/index.php\/wp-json\/wp\/v2\/posts\/6308\/revisions"}],"predecessor-version":[{"id":6309,"href":"https:\/\/emisora.univalle.edu.co\/index.php\/wp-json\/wp\/v2\/posts\/6308\/revisions\/6309"}],"wp:featuredmedia":[{"embeddable":true,"href":"https:\/\/emisora.univalle.edu.co\/index.php\/wp-json\/wp\/v2\/media\/6283"}],"wp:attachment":[{"href":"https:\/\/emisora.univalle.edu.co\/index.php\/wp-json\/wp\/v2\/media?parent=6308"}],"wp:term":[{"taxonomy":"category","embeddable":true,"href":"https:\/\/emisora.univalle.edu.co\/index.php\/wp-json\/wp\/v2\/categories?post=6308"},{"taxonomy":"post_tag","embeddable":true,"href":"https:\/\/emisora.univalle.edu.co\/index.php\/wp-json\/wp\/v2\/tags?post=6308"}],"curies":[{"name":"wp","href":"https:\/\/api.w.org\/{rel}","templated":true}]}}