{"id":6313,"date":"2015-08-20T14:57:35","date_gmt":"2015-08-20T19:57:35","guid":{"rendered":"https:\/\/emisora.univalle.edu.co\/\/?p=6313"},"modified":"2015-08-20T14:57:35","modified_gmt":"2015-08-20T19:57:35","slug":"invitan-poblacion-con-discapacidad-jornadas-de-empleo-del-programa-sin-limites","status":"publish","type":"post","link":"https:\/\/emisora.univalle.edu.co\/index.php\/invitan-poblacion-con-discapacidad-jornadas-de-empleo-del-programa-sin-limites\/","title":{"rendered":"Invitan a poblaci\u00f3n con discapacidad a jornadas de empleo del programa Sin L\u00edmites"},"content":{"rendered":"<p><span style=\"line-height: 1.5em;\">M\u00e1s de 500 personas con discapacidad de los Territorios de Inclusi\u00f3n y Oportunidades -TIOS- podr\u00e1n asistir en Cali a las jornadas de sensibilizaci\u00f3n y caracterizaci\u00f3n del programa de empleabilidad para personas con discapacidad \u2018Sin L\u00edmites\u2019.<\/span><\/p>\n<p>Las fechas y sitios, en el horario de 2:00 a 5:00 p.m., son:<\/p>\n<p>Jueves 20 de agosto, en el Centro Recreacional Floralia, calle 72C #3BN-51, barrio Floralia, en la comuna 6.<\/p>\n<p>S\u00e1bado\u00a0 22, en la carrera 26I #diagonal 71A1-25, barrio Ricardo Balc\u00e1zar, comuna 13.<\/p>\n<p>Domingo 23, en el Instituto Gabriel Garc\u00eda Marqu\u00e9s, ubicado en la carrera 29B #54-00, en la comuna 1.<\/p>\n<p>Luis Alfredo G\u00f3mez Guerrero, secretario de Bienestar Social, record\u00f3 que el \u00a0programa de empleabilidad para personas con discapacidad \u2018Sin L\u00edmites\u2019 se llevar\u00e1 a cabo durante este segundo semestre de 2015, cuando se va a sensibilizar a la comunidad, las personas con discapacidad y a las empresas p\u00fablicas y privadas para que se unan y abran sus puertas para generar oportunidades laborales.<\/p>\n<p>Fuente: Comunicaciones Alcald\u00eda<\/p>\n","protected":false},"excerpt":{"rendered":"<p>M\u00e1s de 500 personas con discapacidad de los Territorios de Inclusi\u00f3n y Oportunidades -TIOS- podr\u00e1n asistir en Cali a las jornadas de sensibilizaci\u00f3n y caracterizaci\u00f3n del programa de empleabilidad para personas con discapacidad \u2018Sin L\u00edmites\u2019. Las fechas y sitios, en el horario de 2:00 a 5:00 p.m., son: Jueves 20[&#8230;]<\/p>\n","protected":false},"author":1,"featured_media":6288,"comment_status":"open","ping_status":"open","sticky":false,"template":"","format":"standard","meta":{"footnotes":""},"categories":[4],"tags":[],"_links":{"self":[{"href":"https:\/\/emisora.univalle.edu.co\/index.php\/wp-json\/wp\/v2\/posts\/6313"}],"collection":[{"href":"https:\/\/emisora.univalle.edu.co\/index.php\/wp-json\/wp\/v2\/posts"}],"about":[{"href":"https:\/\/emisora.univalle.edu.co\/index.php\/wp-json\/wp\/v2\/types\/post"}],"author":[{"embeddable":true,"href":"https:\/\/emisora.univalle.edu.co\/index.php\/wp-json\/wp\/v2\/users\/1"}],"replies":[{"embeddable":true,"href":"https:\/\/emisora.univalle.edu.co\/index.php\/wp-json\/wp\/v2\/comments?post=6313"}],"version-history":[{"count":1,"href":"https:\/\/emisora.univalle.edu.co\/index.php\/wp-json\/wp\/v2\/posts\/6313\/revisions"}],"predecessor-version":[{"id":6314,"href":"https:\/\/emisora.univalle.edu.co\/index.php\/wp-json\/wp\/v2\/posts\/6313\/revisions\/6314"}],"wp:featuredmedia":[{"embeddable":true,"href":"https:\/\/emisora.univalle.edu.co\/index.php\/wp-json\/wp\/v2\/media\/6288"}],"wp:attachment":[{"href":"https:\/\/emisora.univalle.edu.co\/index.php\/wp-json\/wp\/v2\/media?parent=6313"}],"wp:term":[{"taxonomy":"category","embeddable":true,"href":"https:\/\/emisora.univalle.edu.co\/index.php\/wp-json\/wp\/v2\/categories?post=6313"},{"taxonomy":"post_tag","embeddable":true,"href":"https:\/\/emisora.univalle.edu.co\/index.php\/wp-json\/wp\/v2\/tags?post=6313"}],"curies":[{"name":"wp","href":"https:\/\/api.w.org\/{rel}","templated":true}]}}