{"id":6338,"date":"2015-08-21T14:24:28","date_gmt":"2015-08-21T19:24:28","guid":{"rendered":"https:\/\/emisora.univalle.edu.co\/\/?p=6338"},"modified":"2015-08-21T14:24:28","modified_gmt":"2015-08-21T19:24:28","slug":"daniel-castro-benitez-seleccionado-como-el-nuevo-director-del-museo-nacional-de-colombia","status":"publish","type":"post","link":"https:\/\/emisora.univalle.edu.co\/index.php\/daniel-castro-benitez-seleccionado-como-el-nuevo-director-del-museo-nacional-de-colombia\/","title":{"rendered":"Daniel Castro Ben\u00edtez, seleccionado como el nuevo director del Museo Nacional de Colombia"},"content":{"rendered":"<p><span style=\"line-height: 1.5em;\">El Ministerio de Cultura destaca que el nuevo director de la entidad fue elegido en un proceso de meritocracia y cuenta con amplio reconocimiento y experiencia en la gesti\u00f3n muse\u00edstica dentro y fuera del pa\u00eds.<\/span><\/p>\n<p>El maestro en Bellas Artes, m\u00fasico, pedagogo e historiador asume la direcci\u00f3n del Museo Nacional de Colombia, luego de un proceso de selecci\u00f3n meritocr\u00e1tico en el que tambi\u00e9n participaron la gestora cultural y experta en patrimonio, Mar\u00eda Fernanda Urdaneta, y la antrop\u00f3loga Clara Isabel Botero.<\/p>\n<p>El nuevo director del Museo Nacional de Colombia cuenta con amplio reconocimiento y experiencia en el desarrollo de proyectos, pol\u00edticas educativas y buenas pr\u00e1cticas en comunicaci\u00f3n y gesti\u00f3n muse\u00edstica tanto en Colombia como en Am\u00e9rica Latina.<\/p>\n<p>Castro es un profesional integral que ha estado vinculado a los\u200b\u200b museos a trav\u00e9s de la pedagog\u00eda; a lo largo de su carrera profesional se ha desempe\u00f1ado como coordinador de Proyectos Educativos Especiales del Museo Nacional de Colombia y jefe de la Divisi\u00f3n Educativa y Cultural de la misma entidad. Actualmente dirige la Casa Museo Quinta de Bol\u00edvar y el Museo de la Independencia Casa del Florero, cargos que asumi\u00f3 en 1999 y 2002, respectivamente. En la actualidad se desempe\u00f1a como el Presidente del Consejo Internacional de Museos (Icom) cap\u00edtulo Colombia.\u200b<\/p>\n<p>\u201cMe alegra profundamente saber que mi experiencia de 30 a\u00f1os en el sector museal pueda fortalecer el proceso del Museo Nacional. Es para m\u00ed un reto y una oportunidad, y tambi\u00e9n es un mensaje del Ministerio de Cultura de c\u00f3mo la experiencia y una carrera te permiten llegar a un lugar como el Museo Nacional \u00ab, se\u00f1al\u00f3 Daniel Castro, al enterarse de su designaci\u00f3n en tan importante cargo.<\/p>\n<p>Fuente: Comunicaciones MinCultura<\/p>\n","protected":false},"excerpt":{"rendered":"<p>El Ministerio de Cultura destaca que el nuevo director de la entidad fue elegido en un proceso de meritocracia y cuenta con amplio reconocimiento y experiencia en la gesti\u00f3n muse\u00edstica dentro y fuera del pa\u00eds. El maestro en Bellas Artes, m\u00fasico, pedagogo e historiador asume la direcci\u00f3n del Museo Nacional[&#8230;]<\/p>\n","protected":false},"author":1,"featured_media":6325,"comment_status":"open","ping_status":"open","sticky":false,"template":"","format":"standard","meta":{"footnotes":""},"categories":[4],"tags":[],"_links":{"self":[{"href":"https:\/\/emisora.univalle.edu.co\/index.php\/wp-json\/wp\/v2\/posts\/6338"}],"collection":[{"href":"https:\/\/emisora.univalle.edu.co\/index.php\/wp-json\/wp\/v2\/posts"}],"about":[{"href":"https:\/\/emisora.univalle.edu.co\/index.php\/wp-json\/wp\/v2\/types\/post"}],"author":[{"embeddable":true,"href":"https:\/\/emisora.univalle.edu.co\/index.php\/wp-json\/wp\/v2\/users\/1"}],"replies":[{"embeddable":true,"href":"https:\/\/emisora.univalle.edu.co\/index.php\/wp-json\/wp\/v2\/comments?post=6338"}],"version-history":[{"count":1,"href":"https:\/\/emisora.univalle.edu.co\/index.php\/wp-json\/wp\/v2\/posts\/6338\/revisions"}],"predecessor-version":[{"id":6339,"href":"https:\/\/emisora.univalle.edu.co\/index.php\/wp-json\/wp\/v2\/posts\/6338\/revisions\/6339"}],"wp:featuredmedia":[{"embeddable":true,"href":"https:\/\/emisora.univalle.edu.co\/index.php\/wp-json\/wp\/v2\/media\/6325"}],"wp:attachment":[{"href":"https:\/\/emisora.univalle.edu.co\/index.php\/wp-json\/wp\/v2\/media?parent=6338"}],"wp:term":[{"taxonomy":"category","embeddable":true,"href":"https:\/\/emisora.univalle.edu.co\/index.php\/wp-json\/wp\/v2\/categories?post=6338"},{"taxonomy":"post_tag","embeddable":true,"href":"https:\/\/emisora.univalle.edu.co\/index.php\/wp-json\/wp\/v2\/tags?post=6338"}],"curies":[{"name":"wp","href":"https:\/\/api.w.org\/{rel}","templated":true}]}}