{"id":6340,"date":"2015-08-21T14:26:49","date_gmt":"2015-08-21T19:26:49","guid":{"rendered":"https:\/\/emisora.univalle.edu.co\/\/?p=6340"},"modified":"2015-08-21T14:27:19","modified_gmt":"2015-08-21T19:27:19","slug":"programa-de-capacitacion-para-el-trabajo-favorece-mas-de-700-mujeres-cabeza-de-familia","status":"publish","type":"post","link":"https:\/\/emisora.univalle.edu.co\/index.php\/programa-de-capacitacion-para-el-trabajo-favorece-mas-de-700-mujeres-cabeza-de-familia\/","title":{"rendered":"Programa de capacitaci\u00f3n para el trabajo favorece a m\u00e1s mujeres cabeza de familia"},"content":{"rendered":"<p><span style=\"line-height: 1.5em;\">Son 710 mujeres y 10 hombres los que durante 6 meses se capacitan en el programa de generaci\u00f3n de ingresos y empleabilidad en el sector de las confecciones, financiado por la Administraci\u00f3n Municipal a trav\u00e9s de la Secretar\u00eda de Bienestar Social y operado por la fundaci\u00f3n Singer.<\/span><\/p>\n<p>Las 720 personas cabezas de familia complementan su capacitaci\u00f3n con refrigerios, subsidio de transporte y todo el material que les facilita la oportunidad para capacitarse en los tipos de m\u00e1quinas de coser que existen: plana, collar\u00edn y fileteadora y plana electr\u00f3nica.<\/p>\n<p>La inversi\u00f3n asciende a los $2517 millones de los cuales la Alcald\u00eda aport\u00f3 cerca de $2000 millones. \u201cEs un trabajo muy juicioso donde la prioridad es lo social, ahora entregamos capacitaci\u00f3n \u00edntegra para que estas mujeres asuman su propio destino\u201d, precis\u00f3 el alcalde de Cali, Rodrigo Guerrero Velasco.<a href=\"https:\/\/emisora.univalle.edu.co\/\/wp-content\/uploads\/2015\/08\/TRabajo-mujeres2.jpg\" data-lightbox=\"gal[6340]\"><img loading=\"lazy\" decoding=\"async\" class=\"alignright  wp-image-6336\" alt=\"TRabajo mujeres2\" src=\"https:\/\/emisora.univalle.edu.co\/\/wp-content\/uploads\/2015\/08\/TRabajo-mujeres2.jpg\" width=\"536\" height=\"258\" srcset=\"https:\/\/emisora.univalle.edu.co\/wp-content\/uploads\/2015\/08\/TRabajo-mujeres2.jpg 670w, https:\/\/emisora.univalle.edu.co\/wp-content\/uploads\/2015\/08\/TRabajo-mujeres2-300x144.jpg 300w, https:\/\/emisora.univalle.edu.co\/wp-content\/uploads\/2015\/08\/TRabajo-mujeres2-438x211.jpg 438w\" sizes=\"(max-width: 536px) 100vw, 536px\" \/><\/a><\/p>\n<p>Luis Alfredo G\u00f3mez, secretario de Bienestar y Desarrollo Territorial, afirm\u00f3 que este \u201ces un proceso exitoso que generar\u00e1 empleo e ingresos. Son m\u00e1s de 700 mujeres provenientes de 21 comunas y 15 corregimientos. Se est\u00e1n formando de manera te\u00f3rica pr\u00e1ctica\u201d.<\/p>\n<p>El funcionario agreg\u00f3 que \u201cde las 700 ya 50 est\u00e1n vinculadas laboralmente, por eso creemos que las que se grad\u00faen a final de a\u00f1o podr\u00e1n brindar sus servicios a las empresas de confecciones que con el precio del d\u00f3lar cada vez demandan m\u00e1s mano de obra\u201d.<\/p>\n<p>Esta oferta de capacitaci\u00f3n fue incluyente y por ello 10 hombres se est\u00e1n capacitando para posteriormente cambiar de oficio y dedicarse a la confecci\u00f3n.<\/p>\n<p>Jos\u00e9 Enr\u00edquez Torres, habitante del centro de Cali en la comuna 9, dej\u00f3 su trabajo en la construcci\u00f3n para capacitarse y seg\u00fan \u00e9l sacar adelante a su esposa y dos hijos.<\/p>\n<p>\u201cMe dieron la oportunidad de capacitarme y la aprovech\u00e9 porque ya se manejar las tres m\u00e1quinas y ahora quiero dedicarme a esto. Entro a una empresa la pr\u00f3xima semana y s\u00e9 que me va a cambiar la vida\u201d, manifest\u00f3.<\/p>\n<p>La misma visi\u00f3n la comparte Cristina N\u00fa\u00f1ez, de la comuna 5, que accedi\u00f3 a esta oportunidad al conocer la convocatoria por una red social: \u201cEs una excelente oportunidad de progreso y emprendimiento. Nos est\u00e1n dando lo que necesitamos y la verdad el programa ha sido demasiado bueno: los capacitadores, las m\u00e1quinas buenas, el refrigerio es casi un buen almuerzo y tambi\u00e9n nos dan el subsidio en el MIO\u201d, recalc\u00f3 la beneficiaria.<\/p>\n<p>De la comuna 16, una de sus habitantes, Yuri Valero, apenas inicia el curso pero sus expectativas est\u00e1n marcadas en salir de la pobreza y poder montar su propio negocio.<\/p>\n<p>\u201cComplementan la capacitaci\u00f3n que es amplia con nuestros derechos como mujeres, la forma de acceder al Estado y c\u00f3mo defendernos; en s\u00ed, eso nos da m\u00e1s expectativas porque uno a veces cree que no puede m\u00e1s\u201d, advirti\u00f3.<\/p>\n<p>Walter Cer\u00f3n, director de la Fundaci\u00f3n Singer, operadora del programa, precis\u00f3 que se est\u00e1 haciendo un trabajo que permita a todos incursionar en el mercado laboral, una vez terminen.<\/p>\n<p>\u201cHemos realizado contactos con empresarios que est\u00e1n comprometidos con el proyecto y con la oferta que tenemos, creemos que se va a suplir el d\u00e9ficit de mano calificada en el sector de las confecciones\u201d, resalt\u00f3.<\/p>\n<p>Se estima que en el Valle existen 20.000 vacantes en el sector, que se pueden suplir con muchas de estas mujeres y hombres que ahora le apuestan a una capacitaci\u00f3n de alta calidad y con alto rendimiento. El curso, que es totalmente gratuito para las personas, es un programa de formaci\u00f3n integral y se extender\u00e1 hasta diciembre.<\/p>\n<p>Fuente: Comunicaciones\u00a0 Alcald\u00eda<\/p>\n<p><a href=\"https:\/\/emisora.univalle.edu.co\/\/wp-content\/uploads\/2015\/08\/TRabajo-mujeres.jpg\" data-lightbox=\"gal[6340]\"><img loading=\"lazy\" decoding=\"async\" class=\"alignright size-full wp-image-6334\" alt=\"TRabajo mujeres\" src=\"https:\/\/emisora.univalle.edu.co\/\/wp-content\/uploads\/2015\/08\/TRabajo-mujeres.jpg\" width=\"923\" height=\"471\" srcset=\"https:\/\/emisora.univalle.edu.co\/wp-content\/uploads\/2015\/08\/TRabajo-mujeres.jpg 923w, https:\/\/emisora.univalle.edu.co\/wp-content\/uploads\/2015\/08\/TRabajo-mujeres-300x153.jpg 300w, https:\/\/emisora.univalle.edu.co\/wp-content\/uploads\/2015\/08\/TRabajo-mujeres-438x223.jpg 438w\" sizes=\"(max-width: 923px) 100vw, 923px\" \/><\/a><\/p>\n","protected":false},"excerpt":{"rendered":"<p>Son 710 mujeres y 10 hombres los que durante 6 meses se capacitan en el programa de generaci\u00f3n de ingresos y empleabilidad en el sector de las confecciones, financiado por la Administraci\u00f3n Municipal a trav\u00e9s de la Secretar\u00eda de Bienestar Social y operado por la fundaci\u00f3n Singer. Las 720 personas[&#8230;]<\/p>\n","protected":false},"author":1,"featured_media":6335,"comment_status":"open","ping_status":"open","sticky":false,"template":"","format":"standard","meta":{"footnotes":""},"categories":[4],"tags":[],"_links":{"self":[{"href":"https:\/\/emisora.univalle.edu.co\/index.php\/wp-json\/wp\/v2\/posts\/6340"}],"collection":[{"href":"https:\/\/emisora.univalle.edu.co\/index.php\/wp-json\/wp\/v2\/posts"}],"about":[{"href":"https:\/\/emisora.univalle.edu.co\/index.php\/wp-json\/wp\/v2\/types\/post"}],"author":[{"embeddable":true,"href":"https:\/\/emisora.univalle.edu.co\/index.php\/wp-json\/wp\/v2\/users\/1"}],"replies":[{"embeddable":true,"href":"https:\/\/emisora.univalle.edu.co\/index.php\/wp-json\/wp\/v2\/comments?post=6340"}],"version-history":[{"count":2,"href":"https:\/\/emisora.univalle.edu.co\/index.php\/wp-json\/wp\/v2\/posts\/6340\/revisions"}],"predecessor-version":[{"id":6342,"href":"https:\/\/emisora.univalle.edu.co\/index.php\/wp-json\/wp\/v2\/posts\/6340\/revisions\/6342"}],"wp:featuredmedia":[{"embeddable":true,"href":"https:\/\/emisora.univalle.edu.co\/index.php\/wp-json\/wp\/v2\/media\/6335"}],"wp:attachment":[{"href":"https:\/\/emisora.univalle.edu.co\/index.php\/wp-json\/wp\/v2\/media?parent=6340"}],"wp:term":[{"taxonomy":"category","embeddable":true,"href":"https:\/\/emisora.univalle.edu.co\/index.php\/wp-json\/wp\/v2\/categories?post=6340"},{"taxonomy":"post_tag","embeddable":true,"href":"https:\/\/emisora.univalle.edu.co\/index.php\/wp-json\/wp\/v2\/tags?post=6340"}],"curies":[{"name":"wp","href":"https:\/\/api.w.org\/{rel}","templated":true}]}}