{"id":6347,"date":"2015-08-21T14:31:07","date_gmt":"2015-08-21T19:31:07","guid":{"rendered":"https:\/\/emisora.univalle.edu.co\/\/?p=6347"},"modified":"2015-08-21T14:31:07","modified_gmt":"2015-08-21T19:31:07","slug":"nos-adaptamos-o-morimos-director-de-union-geografica","status":"publish","type":"post","link":"https:\/\/emisora.univalle.edu.co\/index.php\/nos-adaptamos-o-morimos-director-de-union-geografica\/","title":{"rendered":"Nos adaptamos o morimos: director de Uni\u00f3n Geogr\u00e1fica"},"content":{"rendered":"<p><span style=\"line-height: 1.5em;\">\u00a0\u201cEl cambio clim\u00e1tico no es s\u00f3lo producto de la acci\u00f3n humana, sino de procesos geol\u00f3gicos y astron\u00f3micos que hacen imposible que se detenga\u201d.<\/span><\/p>\n<p>Dijo en Cali Ugal Hildegardo C\u00f3rdova Aguilar, director de la Uni\u00f3n Geogr\u00e1fica de Am\u00e9rica Latina, para quien \u201cinterrumpir el fen\u00f3meno del cambio clim\u00e1tico es una utop\u00eda\u201d.<\/p>\n<p>\u201cHist\u00f3ricamente uno encuentra procesos de calentamiento y enfriamiento de la tierra, y el hombre ha sobrevivido en la medida en que se ha adaptado a estos cambios\u201d, dijo el investigador, agregando que \u201cde no hacerlo moriremos\u201d.<\/p>\n<p>C\u00f3rdova Aguilar intervino como orador central durante la Jornada de \u201cGeograf\u00eda Ambiental, adaptaci\u00f3n al cambio clim\u00e1tico en Am\u00e9rica Latina\u201d, evento desarrollado la semana pasada en la Universidad del Valle.<\/p>\n<p>El especialista reconoci\u00f3 que la informaci\u00f3n sobre los problemas del cambio clim\u00e1tico y el calentamiento global ya est\u00e1 entre la poblaci\u00f3n, especialmente urbana, que empieza a hablar sobre el fen\u00f3meno aunque no sucede lo mismo en el sector rural.<\/p>\n<p>\u201cHay que ampliar la percepci\u00f3n del problema en las zonas rurales, porque los estudios que se han hecho muestran que hay una apreciaci\u00f3n diferenciada entre los habitantes de la ciudad -m\u00e1s ligados a las noticias y los medios de comunicaci\u00f3n-, y los que viven en la zona rural, donde hay que trabajar m\u00e1s sobre el tema.<\/p>\n<p>\u201cEn otras palabras \u2013advirti\u00f3 el conferencista en su conferencia- tenemos que plantear estrategias de supervivencia precisamente ahora que se habla de sistemas interrelacionados entre lo urbano y lo rural\u201d.<\/p>\n<p>Durante la jornada se intercambiaron experiencias sobre pol\u00edticas, enfoques, estrategias y planes de adaptaci\u00f3n al cambio clim\u00e1tico, entre las que se destaca la propuesta del profesor Jos\u00e9 Acero Su\u00e1rez, de generar un Atlas de cuencas hidrogr\u00e1ficas de Colombia como instrumento pedag\u00f3gico que muestre aspectos que han permanecido invisibles sobre el manejo de los r\u00edos, con el fin de tomar conciencia y adoptar medidas que protejan los recursos naturales del pa\u00eds.<\/p>\n<p>Fuente: Agencia de Noticias Univalle<\/p>\n","protected":false},"excerpt":{"rendered":"<p>\u00a0\u201cEl cambio clim\u00e1tico no es s\u00f3lo producto de la acci\u00f3n humana, sino de procesos geol\u00f3gicos y astron\u00f3micos que hacen imposible que se detenga\u201d. Dijo en Cali Ugal Hildegardo C\u00f3rdova Aguilar, director de la Uni\u00f3n Geogr\u00e1fica de Am\u00e9rica Latina, para quien \u201cinterrumpir el fen\u00f3meno del cambio clim\u00e1tico es una utop\u00eda\u201d. \u201cHist\u00f3ricamente[&#8230;]<\/p>\n","protected":false},"author":1,"featured_media":6337,"comment_status":"open","ping_status":"open","sticky":false,"template":"","format":"standard","meta":{"footnotes":""},"categories":[4],"tags":[],"_links":{"self":[{"href":"https:\/\/emisora.univalle.edu.co\/index.php\/wp-json\/wp\/v2\/posts\/6347"}],"collection":[{"href":"https:\/\/emisora.univalle.edu.co\/index.php\/wp-json\/wp\/v2\/posts"}],"about":[{"href":"https:\/\/emisora.univalle.edu.co\/index.php\/wp-json\/wp\/v2\/types\/post"}],"author":[{"embeddable":true,"href":"https:\/\/emisora.univalle.edu.co\/index.php\/wp-json\/wp\/v2\/users\/1"}],"replies":[{"embeddable":true,"href":"https:\/\/emisora.univalle.edu.co\/index.php\/wp-json\/wp\/v2\/comments?post=6347"}],"version-history":[{"count":1,"href":"https:\/\/emisora.univalle.edu.co\/index.php\/wp-json\/wp\/v2\/posts\/6347\/revisions"}],"predecessor-version":[{"id":6348,"href":"https:\/\/emisora.univalle.edu.co\/index.php\/wp-json\/wp\/v2\/posts\/6347\/revisions\/6348"}],"wp:featuredmedia":[{"embeddable":true,"href":"https:\/\/emisora.univalle.edu.co\/index.php\/wp-json\/wp\/v2\/media\/6337"}],"wp:attachment":[{"href":"https:\/\/emisora.univalle.edu.co\/index.php\/wp-json\/wp\/v2\/media?parent=6347"}],"wp:term":[{"taxonomy":"category","embeddable":true,"href":"https:\/\/emisora.univalle.edu.co\/index.php\/wp-json\/wp\/v2\/categories?post=6347"},{"taxonomy":"post_tag","embeddable":true,"href":"https:\/\/emisora.univalle.edu.co\/index.php\/wp-json\/wp\/v2\/tags?post=6347"}],"curies":[{"name":"wp","href":"https:\/\/api.w.org\/{rel}","templated":true}]}}