{"id":6358,"date":"2015-08-21T14:36:15","date_gmt":"2015-08-21T19:36:15","guid":{"rendered":"https:\/\/emisora.univalle.edu.co\/\/?p=6358"},"modified":"2015-08-21T14:36:15","modified_gmt":"2015-08-21T19:36:15","slug":"egresado-premiado-en-festival-de-cine-de-lima","status":"publish","type":"post","link":"https:\/\/emisora.univalle.edu.co\/index.php\/egresado-premiado-en-festival-de-cine-de-lima\/","title":{"rendered":"Egresado premiado en Festival de Cine de Lima"},"content":{"rendered":"<p><span style=\"line-height: 1.5em;\">Mateo Guzm\u00e1n, egresado de Comunicaci\u00f3n Social de la Universidad del Valle, gan\u00f3 el Premio a la Mejor Fotograf\u00eda del XIX Festival de Cine de Lima.<\/span><\/p>\n<p>Guzm\u00e1n obtuvo este reconocimiento por su trabajo como director de fotograf\u00eda de la pel\u00edcula \u201cLa tierra y la sombra\u201d, dirigida por el tambi\u00e9n egresado C\u00e9sar Acevedo.<\/p>\n<p>Sobre su participaci\u00f3n en este filme, Guzm\u00e1n dijo \u201cla primera idea que se me vino a la cabeza fue el respeto por el tiempo de los planos, con lo que coincidimos con C\u00e9sar de utilizar el tiempo como un elemento cinematogr\u00e1fico. Tarkovsky, Sokurov, B\u00e9la Tarr y todo este tipo de cine que nos permite tener sensaciones de lo que est\u00e1 pasando. Como la pel\u00edcula era rural me inspir\u00e9 en la pintura. Especialmente en \u201cLas espigadoras\u201d de Jean-Fran\u00e7ois Millet. Me pareci\u00f3 genial tomar esa imagen como parte del trabajo de campo y de ah\u00ed inspirarme. Luego buscamos referencias para los interiores, en especial Andrew Wyeth. Sus pinturas ten\u00edan una relaci\u00f3n entre interior y exterior, con muchas texturas, oscuridad y luz; que me parec\u00edan muy pertinente sobre lo que ped\u00eda el gui\u00f3n.\u201d<\/p>\n<p>Mateo Guzm\u00e1n particip\u00f3 como asistente en varias realizaciones importantes como La Sirga, El vuelco del cangrejo y Los hongos, antes de su debut como director de fotograf\u00eda en \u201cLa tierra y la sombra\u201d.<\/p>\n<p>Fuente: Agencia de Noticias Univalle<\/p>\n","protected":false},"excerpt":{"rendered":"<p>Mateo Guzm\u00e1n, egresado de Comunicaci\u00f3n Social de la Universidad del Valle, gan\u00f3 el Premio a la Mejor Fotograf\u00eda del XIX Festival de Cine de Lima. Guzm\u00e1n obtuvo este reconocimiento por su trabajo como director de fotograf\u00eda de la pel\u00edcula \u201cLa tierra y la sombra\u201d, dirigida por el tambi\u00e9n egresado C\u00e9sar[&#8230;]<\/p>\n","protected":false},"author":1,"featured_media":6326,"comment_status":"open","ping_status":"open","sticky":false,"template":"","format":"standard","meta":{"footnotes":""},"categories":[4],"tags":[],"_links":{"self":[{"href":"https:\/\/emisora.univalle.edu.co\/index.php\/wp-json\/wp\/v2\/posts\/6358"}],"collection":[{"href":"https:\/\/emisora.univalle.edu.co\/index.php\/wp-json\/wp\/v2\/posts"}],"about":[{"href":"https:\/\/emisora.univalle.edu.co\/index.php\/wp-json\/wp\/v2\/types\/post"}],"author":[{"embeddable":true,"href":"https:\/\/emisora.univalle.edu.co\/index.php\/wp-json\/wp\/v2\/users\/1"}],"replies":[{"embeddable":true,"href":"https:\/\/emisora.univalle.edu.co\/index.php\/wp-json\/wp\/v2\/comments?post=6358"}],"version-history":[{"count":1,"href":"https:\/\/emisora.univalle.edu.co\/index.php\/wp-json\/wp\/v2\/posts\/6358\/revisions"}],"predecessor-version":[{"id":6359,"href":"https:\/\/emisora.univalle.edu.co\/index.php\/wp-json\/wp\/v2\/posts\/6358\/revisions\/6359"}],"wp:featuredmedia":[{"embeddable":true,"href":"https:\/\/emisora.univalle.edu.co\/index.php\/wp-json\/wp\/v2\/media\/6326"}],"wp:attachment":[{"href":"https:\/\/emisora.univalle.edu.co\/index.php\/wp-json\/wp\/v2\/media?parent=6358"}],"wp:term":[{"taxonomy":"category","embeddable":true,"href":"https:\/\/emisora.univalle.edu.co\/index.php\/wp-json\/wp\/v2\/categories?post=6358"},{"taxonomy":"post_tag","embeddable":true,"href":"https:\/\/emisora.univalle.edu.co\/index.php\/wp-json\/wp\/v2\/tags?post=6358"}],"curies":[{"name":"wp","href":"https:\/\/api.w.org\/{rel}","templated":true}]}}