{"id":6364,"date":"2015-08-21T14:52:14","date_gmt":"2015-08-21T19:52:14","guid":{"rendered":"https:\/\/emisora.univalle.edu.co\/\/?p=6364"},"modified":"2015-08-21T14:52:14","modified_gmt":"2015-08-21T19:52:14","slug":"alerta-por-prolongada-temporada-de-verano-ciudadanos-consumo-racional-de-agua","status":"publish","type":"post","link":"https:\/\/emisora.univalle.edu.co\/index.php\/alerta-por-prolongada-temporada-de-verano-ciudadanos-consumo-racional-de-agua\/","title":{"rendered":"Alerta por prolongada temporada de verano. Ciudadanos consumo racional de agua"},"content":{"rendered":"<figure id=\"attachment_6362\" aria-describedby=\"caption-attachment-6362\" style=\"width: 672px\" class=\"wp-caption alignright\"><a href=\"https:\/\/emisora.univalle.edu.co\/\/wp-content\/uploads\/2015\/08\/R\u00edo-Mel\u00e9ndez.jpg\" data-lightbox=\"gal[6364]\"><img loading=\"lazy\" decoding=\"async\" class=\" wp-image-6362\" title=\"R\u00edo Mel\u00e9dez\" alt=\"R\u00edo Mel\u00e9ndez\" src=\"https:\/\/emisora.univalle.edu.co\/\/wp-content\/uploads\/2015\/08\/R\u00edo-Mel\u00e9ndez.jpg\" width=\"672\" height=\"448\" srcset=\"https:\/\/emisora.univalle.edu.co\/wp-content\/uploads\/2015\/08\/R\u00edo-Mel\u00e9ndez.jpg 840w, https:\/\/emisora.univalle.edu.co\/wp-content\/uploads\/2015\/08\/R\u00edo-Mel\u00e9ndez-300x200.jpg 300w, https:\/\/emisora.univalle.edu.co\/wp-content\/uploads\/2015\/08\/R\u00edo-Mel\u00e9ndez-438x292.jpg 438w\" sizes=\"(max-width: 672px) 100vw, 672px\" \/><\/a><figcaption id=\"caption-attachment-6362\" class=\"wp-caption-text\">R\u00edo Mel\u00e9dez<\/figcaption><\/figure>\n<p>Desde cuando se hicieron los primeros anuncios relacionados con el cambio clim\u00e1tico a causa del intenso verano en el segundo semestre del a\u00f1o, Emcali puso en marcha\u00a0 un plan operativo orientado a disminuir el impacto que la reducci\u00f3n en el r\u00e9gimen de lluvias est\u00e1 causando en el abastecimiento de agua a la ciudad.<\/p>\n<p>Las acciones en ejecuci\u00f3n van de la mano con las condiciones de caudal de los r\u00edos que hoy surten nuestras plantas de tratamiento. Si estas condiciones cambian el plan de contingencia ser\u00e1 ajustado.<\/p>\n<p>La estrategia contempla inicialmente que si los r\u00edos Cali y Mel\u00e9ndez, que abastecen las plantas San Antonio y La Reforma, respectivamente, mantienen su caudal en los actuales niveles que dificultan su captaci\u00f3n, se mantendr\u00e1 la restricci\u00f3n total de suministro d\u00eda de por medio a la parte alta de las comunas 18 y 20.<\/p>\n<p>De igual manera, se mantienen en ejecuci\u00f3n el bombeo de agua desde la red baja a las dos comunas a trav\u00e9s de la denominada l\u00ednea Silo\u00e9, para garantizar la conservaci\u00f3n de los niveles en los tanques por encima de los 4.0 metros.<\/p>\n<p>En virtud de que la temporada seca, que afecta a gran parte del pa\u00eds, se ha agudizado,\u00a0 a partir de la pr\u00f3xima semana se presentar\u00e1n situaciones de baja presi\u00f3n en diferentes sectores de la ciudad.<\/p>\n<p>En los momentos cr\u00edticos el abastecimiento se har\u00e1 mediante carro tanques ubicados en puntos estrat\u00e9gicos de las comunas 18 y 20 en los sitios acordados con la comunidad afectada, con lo cual la ciudadan\u00eda podr\u00e1 contar con el vital l\u00edquido aunque exista la posibilidad de racionamiento parcial. De manera complementaria, en caso de que se requiera, se\u00a0 habilitaran hidrantes para brindar agua a quienes lo requieran, los cuales ser\u00e1n operados solamente por personal t\u00e9cnico de la Gerencia de Acueducto de Emcali.<\/p>\n<p>Con dicho plan se busca dar continuidad en el servicio, especialmente en cl\u00ednicas, centros de salud, colegios y hospitales.<\/p>\n<p>Para reducir el impacto de esta contingencia en el mediano plazo, EMCALI trabaja actualmente en la construcci\u00f3n de un sistema de bombeo de agua desde la red baja a la red alta en el sector de N\u00e1poles para llevar el l\u00edquido a los sectores hoy afectados por las restricciones de suministro.<\/p>\n<p>EMCALI\u00a0 recomienda a los usuarios:<\/p>\n<p>\u2022\u00a0\u00a0\u00a0\u00a0\u00a0\u00a0\u00a0\u00a0\u00a0\u00a0\u00a0\u00a0\u00a0 Tomar duchas cortas.\u00a0 Por cada minuto menos de ducha puede ahorrar hasta 45 litros de agua.<\/p>\n<p>\u2022\u00a0\u00a0\u00a0\u00a0\u00a0\u00a0\u00a0\u00a0\u00a0\u00a0\u00a0\u00a0\u00a0 Cierre peri\u00f3dicamente los grifos y mire si sigue corriendo el contador, para detectar fugas. Una gota por segundo son 30 litros al d\u00eda.<\/p>\n<p>\u2022\u00a0\u00a0\u00a0\u00a0\u00a0\u00a0\u00a0\u00a0\u00a0\u00a0\u00a0\u00a0\u00a0 Use su lavadora con la carga m\u00e1xima de ropa e instale accesorios que ahorren agua en regaderas, sanitarios y llaves.<\/p>\n<p>\u2022\u00a0\u00a0\u00a0\u00a0\u00a0\u00a0\u00a0\u00a0\u00a0\u00a0\u00a0\u00a0\u00a0 Cerrar la llave mientras se cepilla los dientes o afeita y usar un vaso de agua para enjuagarse.<\/p>\n<p>\u2022\u00a0\u00a0\u00a0\u00a0\u00a0\u00a0\u00a0\u00a0\u00a0\u00a0\u00a0\u00a0\u00a0 Evite el riego de jardines, lavado de andenes y fachadas.<\/p>\n<p>Fuente: Comunicaciones Emcali<\/p>\n<figure id=\"attachment_6361\" aria-describedby=\"caption-attachment-6361\" style=\"width: 1280px\" class=\"wp-caption aligncenter\"><a href=\"https:\/\/emisora.univalle.edu.co\/\/wp-content\/uploads\/2015\/08\/R\u00edo-Cali.jpg\" data-lightbox=\"gal[6364]\"><img loading=\"lazy\" decoding=\"async\" class=\" wp-image-6361 \" alt=\"R\u00edo Cali\" src=\"https:\/\/emisora.univalle.edu.co\/\/wp-content\/uploads\/2015\/08\/R\u00edo-Cali.jpg\" width=\"1280\" height=\"960\" srcset=\"https:\/\/emisora.univalle.edu.co\/wp-content\/uploads\/2015\/08\/R\u00edo-Cali.jpg 1600w, https:\/\/emisora.univalle.edu.co\/wp-content\/uploads\/2015\/08\/R\u00edo-Cali-300x225.jpg 300w, https:\/\/emisora.univalle.edu.co\/wp-content\/uploads\/2015\/08\/R\u00edo-Cali-1024x768.jpg 1024w, https:\/\/emisora.univalle.edu.co\/wp-content\/uploads\/2015\/08\/R\u00edo-Cali-438x328.jpg 438w\" sizes=\"(max-width: 1280px) 100vw, 1280px\" \/><\/a><figcaption id=\"caption-attachment-6361\" class=\"wp-caption-text\">R\u00edo Cali<\/figcaption><\/figure>\n","protected":false},"excerpt":{"rendered":"<p>Desde cuando se hicieron los primeros anuncios relacionados con el cambio clim\u00e1tico a causa del intenso verano en el segundo semestre del a\u00f1o, Emcali puso en marcha\u00a0 un plan operativo orientado a disminuir el impacto que la reducci\u00f3n en el r\u00e9gimen de lluvias est\u00e1 causando en el abastecimiento de agua[&#8230;]<\/p>\n","protected":false},"author":1,"featured_media":6363,"comment_status":"open","ping_status":"open","sticky":false,"template":"","format":"standard","meta":{"footnotes":""},"categories":[4],"tags":[],"_links":{"self":[{"href":"https:\/\/emisora.univalle.edu.co\/index.php\/wp-json\/wp\/v2\/posts\/6364"}],"collection":[{"href":"https:\/\/emisora.univalle.edu.co\/index.php\/wp-json\/wp\/v2\/posts"}],"about":[{"href":"https:\/\/emisora.univalle.edu.co\/index.php\/wp-json\/wp\/v2\/types\/post"}],"author":[{"embeddable":true,"href":"https:\/\/emisora.univalle.edu.co\/index.php\/wp-json\/wp\/v2\/users\/1"}],"replies":[{"embeddable":true,"href":"https:\/\/emisora.univalle.edu.co\/index.php\/wp-json\/wp\/v2\/comments?post=6364"}],"version-history":[{"count":1,"href":"https:\/\/emisora.univalle.edu.co\/index.php\/wp-json\/wp\/v2\/posts\/6364\/revisions"}],"predecessor-version":[{"id":6365,"href":"https:\/\/emisora.univalle.edu.co\/index.php\/wp-json\/wp\/v2\/posts\/6364\/revisions\/6365"}],"wp:featuredmedia":[{"embeddable":true,"href":"https:\/\/emisora.univalle.edu.co\/index.php\/wp-json\/wp\/v2\/media\/6363"}],"wp:attachment":[{"href":"https:\/\/emisora.univalle.edu.co\/index.php\/wp-json\/wp\/v2\/media?parent=6364"}],"wp:term":[{"taxonomy":"category","embeddable":true,"href":"https:\/\/emisora.univalle.edu.co\/index.php\/wp-json\/wp\/v2\/categories?post=6364"},{"taxonomy":"post_tag","embeddable":true,"href":"https:\/\/emisora.univalle.edu.co\/index.php\/wp-json\/wp\/v2\/tags?post=6364"}],"curies":[{"name":"wp","href":"https:\/\/api.w.org\/{rel}","templated":true}]}}